{"id":10289,"date":"2026-09-05T15:43:09","date_gmt":"2026-09-05T15:43:09","guid":{"rendered":"https:\/\/verbo-encarnado-ssvm-abusos.info\/que-feraient-les-eveques-amis-de-live-sils-etaient-commissaires\/"},"modified":"2026-09-05T16:53:34","modified_gmt":"2026-09-05T16:53:34","slug":"que-feraient-les-eveques-amis-de-live-sils-etaient-commissaires","status":"publish","type":"post","link":"https:\/\/verbo-encarnado-ssvm-abusos.info\/fr\/que-feraient-les-eveques-amis-de-live-sils-etaient-commissaires\/","title":{"rendered":"Que feraient les \u00e9v\u00eaques amis de l\u2019IVE s\u2019ils \u00e9taient commissaires ?"},"content":{"rendered":"\n<p class=\"wp-block-paragraph\">Nous avons re\u00e7u une demande de signature d\u2019une lettre adress\u00e9e au pape L\u00e9on XIV, par des membres du Tiers Ordre du Verbe Incarn\u00e9 (voir le texte \u00e0 la fin de cet article*), demandant au Saint-P\u00e8re que, au lieu de Monseigneur Satu\u00e9, des autorit\u00e9s soient nomm\u00e9es pour \u00ab ressentir un v\u00e9ritable amour \u00bb pour l\u2019Institut du Verbe Incarn\u00e9. Ses auteurs (pr\u00eatres de l\u2019IV, sans aucun doute) assurent <strong>en outre qu\u2019il existe des \u00e9v\u00eaques qui aiment l\u2019IVE et seraient pr\u00eats \u00e0 en assumer le gouvernement.<\/strong> <\/p>\n\n<p class=\"wp-block-paragraph\">La demande semble raisonnable. Mais elle soul\u00e8ve une question tr\u00e8s concr\u00e8te : que feraient ces \u00e9v\u00eaques diff\u00e9remment ? <\/p>\n\n<!--more-->\n\n<p class=\"wp-block-paragraph\">Supposons que l\u2019un d\u2019eux re\u00e7oive le m\u00eame mandat que Monseigneur Satu\u00e9, connaisse les m\u00eames faits et assume la m\u00eame responsabilit\u00e9 devant le Saint-Si\u00e8ge. Conserverait-il les noviciats ouverts ? Renoncerait-il \u00e0 la r\u00e9vision des Constitutions ? Ram\u00e8nerait-il imm\u00e9diatement le gouvernement aux autorit\u00e9s pr\u00e9c\u00e9dentes ? Consid\u00e9rerait-il les d\u00e9nonciations et la r\u00e9sistance signal\u00e9es par Rome comme infond\u00e9es ?    <\/p>\n\n<p class=\"wp-block-paragraph\">Le <a href=\"https:\/\/www.infocatolica.com\/?cod=51357&amp;t=ic\">d\u00e9cret pontifical<\/a> ne pr\u00e9sente pas le commissaire comme un simple observateur. Il lui confie la gouvernance de l\u2019Institut, la r\u00e9vision de sa propre loi et une r\u00e9forme profonde. L\u2019intervention ne semble pas viser \u00e0 d\u00e9truire l\u2019IVE, mais \u00e0 emp\u00eacher sa disparition en raison de son incapacit\u00e9 \u00e0 se r\u00e9former, comme nous l\u2019avons d\u00e9j\u00e0 expliqu\u00e9 dans <a href=\"https:\/\/verbo-encarnado-ssvm-abusos.info\/fr\/le-saint-siege-etablit-le-nouveau-gouvernement-de-linstitut-du-verbe-incarne\/\">notre article sur le nouveau gouvernement<\/a>.  <\/p>\n\n<p class=\"wp-block-paragraph\">Si ces \u00e9v\u00eaques amicaux ob\u00e9issaient au m\u00eame ordre, alors le probl\u00e8me ne serait pas le manque d\u2019affection de Satu\u00e9. S\u2019ils agissaient autrement, il serait n\u00e9cessaire d\u2019expliquer exactement en quoi consisterait cette diff\u00e9rence et pourquoi elle serait compatible avec les d\u00e9cisions de Rome. <\/p>\n\n<p class=\"wp-block-paragraph\">La question n\u2019est pas de savoir qui aime le plus l\u2019IVE. Un commissaire pontifical n\u2019est pas envoy\u00e9 pour \u00eatre ami ou ennemi d\u2019un institut, mais pour le gouverner au nom de l\u2019\u00c9glise. <\/p>\n\n<p class=\"wp-block-paragraph\">L\u2019avenir de l\u2019IVE ne doit pas d\u00e9pendre d\u2019une comp\u00e9tition entre \u00ab amis \u00bb et \u00ab ennemis \u00bb. On peut vouloir sauver l\u2019Institut tout en exigeant v\u00e9rit\u00e9, r\u00e9formes et responsabilit\u00e9. <\/p>\n\n<h2 class=\"wp-block-heading\">Prendre le Pape et les membres du Tiers Ordre pour des idiots<\/h2>\n\n<p class=\"wp-block-paragraph\">En lisant cela, on se demande :<\/p>\n\n<ul class=\"wp-block-list\">\n<li>Les habitants de l\u2019IVE pensent-ils vraiment que le Pape ne conna\u00eet pas la v\u00e9rit\u00e9 sur l\u2019IVE ?<\/li>\n\n\n\n<li>Les habitants de l\u2019IVE sont-ils transparents avec les membres du Tiers Ordre concernant les probl\u00e8mes humains, psychiatriques, moraux, etc. tr\u00e8s graves de nombreux pr\u00eatres et religieuses ?<\/li>\n<\/ul>\n\n<p class=\"wp-block-paragraph\">Esp\u00e9rons que Satu\u00e9 r\u00e9tablira l\u2019ordre une bonne fois pour toutes.<\/p>\n\n<p class=\"wp-block-paragraph\"><\/p>\n\n<hr class=\"wp-block-separator has-alpha-channel-opacity\"\/>\n\n<div class=\"wp-block-columns is-layout-flex wp-container-core-columns-is-layout-794e3cfa wp-block-columns-is-layout-flex\">\n<div class=\"wp-block-column is-layout-flow wp-block-column-is-layout-flow\" style=\"flex-basis:100%\">\n<details class=\"wp-block-details is-layout-flow wp-block-details-is-layout-flow\"><summary>La Lettre au Pape<\/summary>\n<p class=\"wp-block-paragraph\"><em>* <\/em><br\/>Tr\u00e8s Bienheureux P\u00e8re,<\/p>\n\n\n\n<p class=\"wp-block-paragraph\">Nous nous adressons humblement et respectueusement \u00e0 Votre Saintet\u00e9, en notre qualit\u00e9 de parents, proches et amis de religieux de l\u2019Institut du Verbe Incarn\u00e9 et de l\u2019Institut des Serviteurs du Seigneur et de la Vierge de Matar\u00e1, ainsi que beaucoup d\u2019entre nous en tant que membres du Troisi\u00e8me Ordre S\u00e9culier de la Famille Religieuse qui r\u00e9unit les deux Instituts.<\/p>\n\n\n\n<p class=\"wp-block-paragraph\">Nous souhaitons vous exprimer notre profonde et douloureuse inqui\u00e9tude quant \u00e0 la situation que traverse notre bien-aim\u00e9e \u00ab Congr\u00e9gation \u00bb compte tenu des circonstances dont Votre Saintet\u00e9 doit \u00eatre bien consciente.<\/p>\n\n\n\n<p class=\"wp-block-paragraph\">Beaucoup d\u2019entre nous ont \u00e9galement eu la gr\u00e2ce de conna\u00eetre les deux Instituts depuis leurs fondations respectives. Nous les avons vus grandir avec la pauvret\u00e9 et les sacrifices qui en d\u00e9coulent.<br\/>Elle impliquait, mais aussi la joie sainte avec laquelle tous ses membres supportaient les difficult\u00e9s de cette \u00e9poque dues aux rares moyens mat\u00e9riels dont disposaient et au grand nombre de jeunes qui, attir\u00e9s par le style sacerdotal et religieux propre au charisme particulier de la fondation, s\u2019approchaient ann\u00e9e apr\u00e8s ann\u00e9e pour discerner correctement l\u2019appel qu\u2019ils pr\u00e9tendaient conna\u00eetre pour cette vie. <\/p>\n\n\n\n<p class=\"wp-block-paragraph\">Mais, par-dessus tout, nous l\u2019avons aussi v\u00e9cu et connu chez nos enfants bien-aim\u00e9s qui, par la gr\u00e2ce de Dieu, ont emprunt\u00e9 ce chemin ardu mais b\u00e9ni et qui, par leur vie, nous ont montr\u00e9 leur bonheur.<\/p>\n\n\n\n<p class=\"wp-block-paragraph\">Nos c\u0153urs paternels \u2014 les m\u00e8res connaissent les c\u0153urs encore plus que les p\u00e8res \u2014 ne peuvent \u00eatre ni\u00e9s quand nous avons vu la joie sainte qu\u2019ils ont transmise en pouvant apporter l\u2019\u00c9vangile \u00e0 ceux qui ne le connaissent pas encore. Et cela, au-del\u00e0 de la douleur des s\u00e9parations survenues tant au d\u00e9but de leur vie religieuse \u2014 Votre Saintet\u00e9 l\u2019a s\u00fbrement v\u00e9cu dans votre propre famille \u2014 et, lorsque des pr\u00eatres ou nonnes ordonn\u00e9s terminent leurs \u00e9tudes, ils sont partis vers des contr\u00e9es lointaines et souvent inconnues. <\/p>\n\n\n\n<p class=\"wp-block-paragraph\">Certainement, Votre Saintet\u00e9 sait tr\u00e8s bien qu\u2019ils se trouvent souvent dans des endroits tr\u00e8s difficiles, de Gaza \u00e0 Papouasie, de Chine \u00e0 l\u2019\u00c9gypte et \u00e0 la Tanzanie, de la Syrie \u00e0 l\u2019Ukraine, ou, ce qui est parfois pire et plus tentant, dans des endroits extr\u00eamement avanc\u00e9s en progr\u00e8s et en richesse, car, comme nous le savons, ils ont toujours cherch\u00e9 et demand\u00e9 les lieux les plus complexes et ceux o\u00f9 peu veulent aller.<\/p>\n\n\n\n<p class=\"wp-block-paragraph\">L\u2019empreinte de cette Famille Religieuse a \u00e9t\u00e9 la \u00ab Mission \u00bb. Une grande t\u00e2che accomplie en accomplissement du mandat \u00e9vang\u00e9lique. Cependant, nous sommes conscients dans la \u00ab Congr\u00e9gation \u00bb que ce grand travail pastoral a \u00e9t\u00e9 soutenu et est soutenu surnaturellement \u00e0 la fois par les pri\u00e8res de ces membres qui ont en particulier ressenti et discern\u00e9 l\u2019appel \u00e0 une vie plus renferm\u00e9e et contemplative dans les diverses communaut\u00e9s monastiques qui ont \u00e9galement \u00e9t\u00e9 fond\u00e9es, et dans l\u2019exercice d\u2019\u0153uvres de charit\u00e9, principalement aupr\u00e8s des plus d\u00e9pouill\u00e9s de la terre, dans les soi-disant \u00ab Petites Maisons \u00bb, o\u00f9 tant d\u2019enfants, jeunes et vieux des deux sexes, et quelle que soit leur origine ou leurs croyances, avec leurs corps et esprits fl\u00e9tris, lac\u00e9r\u00e9s et handicap\u00e9s, dont les foyers se trouvent dans diverses parties du monde. Et aussi, pourquoi ne pas le dire, avec nos pri\u00e8res pauvres, mais fr\u00e9quentes et ferventes de ceux d\u2019entre nous qui sont parents et proches de ces religieux.   <\/p>\n\n\n\n<p class=\"wp-block-paragraph\">C\u2019est cela, Saint-P\u00e8re, qui soutient finalement la \u00ab Mission \u00bb afin que la parole de Notre Seigneur J\u00e9sus-Christ puisse se r\u00e9pandre avec amour aux quatre coins du monde.<\/p>\n\n\n\n<p class=\"wp-block-paragraph\">Mais malheureusement, Saint-P\u00e8re, une fois de plus nous recevons des rumeurs de malentendus, voire de rejet, de rejet et de m\u00e9pris pour tout ce travail, et de la part \u2014 nous l\u2019affirmons avec une grande tristesse \u2014 de ceux qui ont \u00e9t\u00e9 d\u00e9sign\u00e9s comme \u00ab autorit\u00e9s \u00bb pour soi-disant \u00ab accompagner \u00bb et \u00ab aider \u00bb nos bien-aim\u00e9s Instituts \u00e0 se \u00ab perfectionner \u00bb en tant que tels. Et nous notons aussi que ces rejets et ces m\u00e9pris \u2014 que nous avons aussi subis en notre propre chair \u2014 trouvent souvent leur fondement dans des positions qui, sans aucun doute, ont une forte charge id\u00e9ologique qu\u2019il est donc impossible de r\u00e9futer. <\/p>\n\n\n\n<p class=\"wp-block-paragraph\">\u00c0 notre avis, cher Saint-P\u00e8re, l\u2019avancement vers la perfection tant d\u00e9sir\u00e9 par toute la famille religieuse du Verbe incarn\u00e9, y compris nous aussi, sera accompli, avec la gr\u00e2ce de Dieu, par la meilleure r\u00e9alisation et maintien de la lettre de leurs constitutions fondatrices et de leurs Annuaires respectifs, c\u2019est-\u00e0-dire avec l\u2019approfondissement de notre charisme.<\/p>\n\n\n\n<p class=\"wp-block-paragraph\">Changer cela, comme le disent ces rumeurs, serait comme changer l\u2019essence des deux Instituts. Et la vocation de leurs membres \u00e0 la vie religieuse en eux, en particulier ceux qui ont d\u00e9j\u00e0 prononc\u00e9 leurs V\u0153ux Perp\u00e9tuels et qui les ont faits sur la base et en vertu de ce Charisme. Et m\u00eame pour nous, Saint-P\u00e8re, en tant que la\u00efcs du Tiers Ordre, qui avons aussi ressenti l\u2019appel \u00e0 progresser dans notre vie spirituelle \u00e0 travers ce Charisme.  <\/p>\n\n\n\n<p class=\"wp-block-paragraph\">Nous savons, Votre Saintet\u00e9, que de nombreuses caract\u00e9ristiques de notre famille religieuse sont remises en question, qui, en revanche, ont d\u00e9j\u00e0 \u00e9t\u00e9 approuv\u00e9es par l\u2019\u00c9glise \u00e0 l\u2019\u00e9poque, et qui sont incluses dans les constitutions fondatrices.<\/p>\n\n\n\n<p class=\"wp-block-paragraph\">Cela a \u00e9t\u00e9 remis en question, de la mani\u00e8re dont les vocations sont re\u00e7ues, \u00e0 la formation que re\u00e7oivent les aspirants au sacerdoce ; de l\u2019usage habituel de leur habit religieux \u00e0 la liturgie attentive qu\u2019ils accomplissent ; de l\u2019existence des Petits S\u00e9minaires \u00e0 la pr\u00e9dication des Exercices spirituels selon la m\u00e9thode ignacienne ; du pr\u00e9tendu \u00ab culte \u00bb du Fondateur au fait qu\u2019ils restent \u00ab ferm\u00e9s \u00bb dans la formation thomiste. Ces questions, et bien d\u2019autres qu\u2019il est impossible de comprendre \u00e0 la fois \u00e0 cause de leur distorsion et de leur fausset\u00e9 et de l\u2019ignorance de la v\u00e9rit\u00e9, nous les avons entendues et souffert de la part des d\u00e9tracteurs qui, en r\u00e9alit\u00e9, ne veulent ni aider ni accompagner mais seulement changer radicalement le charisme fondamental ou, dans le meilleur des cas pour certains, la suppression du visage de la terre de la Famille religieuse de l\u2019IVE. <\/p>\n\n\n\n<p class=\"wp-block-paragraph\">En ce sens, la fermeture pendant un certain temps des noviciats et des postulats ainsi que la perte cons\u00e9quente et regrettable de l\u2019admission de dizaines de vocations naissantes ont eu<br\/>constitua un coup irr\u00e9parable pour la continuit\u00e9 des deux Instituts.<\/p>\n\n\n\n<p class=\"wp-block-paragraph\">La question qui se pose spontan\u00e9ment, apr\u00e8s la perplexit\u00e9 et l\u2019\u00e9tonnement dans lesquels nous sommes plong\u00e9s, est : POURQUOI ?<\/p>\n\n\n\n<p class=\"wp-block-paragraph\">Cher Saint-P\u00e8re, qui, selon ces m\u00eames Constitutions, est \u00ab la pr\u00e9sence incarnante de la V\u00e9rit\u00e9, de la Volont\u00e9 et de la Saintet\u00e9 du Christ \u00bb (n\u00b012), nous avons l\u2019intention de supplier et de supplicer ardemment dans cette lettre, prostern\u00e9s devant Notre<br\/>Seigneur, afin de permettre la continuation de la Congr\u00e9gation \u00e0 laquelle nous appartenons avec nos enfants, pr\u00eatres et religieux au service de l\u2019\u00c9glise catholique, que des personnes soient nomm\u00e9es pour corriger, si cela est jug\u00e9 n\u00e9cessaire, ce qui doit \u00eatre corrig\u00e9, tout en continuant avec notre cher Charisme, des personnes qui, en plus d\u2019\u00eatre appropri\u00e9es, ressentent aussi un v\u00e9ritable amour pour cette Famille religieuse et qui, sinc\u00e8rement et de tout c\u0153ur, d\u00e9sirent sa v\u00e9ritable perfection et celle de tous ses membres dans le m\u00eame esprit dans lequel elle a \u00e9t\u00e9 fond\u00e9e et qui, en somme, nous ont conduits \u00e0 la formation de notre propre gouvernement.<\/p>\n\n\n\n<p class=\"wp-block-paragraph\">Nous savons concr\u00e8tement qu\u2019il y a beaucoup d\u2019\u00e9v\u00eaques qui aiment vraiment notre famille religieuse, qui seraient pr\u00eats et avec beaucoup d\u2019int\u00e9r\u00eat, d\u2019affection et de dillusion \u00e0 relever cette t\u00e2che magnifique.<\/p>\n\n\n\n<p class=\"wp-block-paragraph\">Supplions donc de vous, Saint-P\u00e8re, en pri\u00e8re continue \u00e0 la Bienheureuse Vierge Marie sous notre titre bien-aim\u00e9 de Notre-Dame de Luj\u00e1n, et dont notre Congr\u00e9gation a pu porter la d\u00e9votion \u00e0 ses missions les plus lointaines, de recevoir ces requ\u00eates que nous vous adressons humblement, et de les accepter et de les fournir avec bienveillance pour le bien de nos familles et de nos familles.<br\/>celle de la Sainte \u00c9glise catholique. <\/p>\n\n\n\n<p class=\"wp-block-paragraph\">Ceux d\u2019entre nous qui s\u2019adressent ainsi \u00e0 Votre Saintet\u00e9 implorent aussi Votre B\u00e9n\u00e9diction Apostolique avec le plus profond respect et humilit\u00e9.<\/p>\n\n\n\n<p class=\"wp-block-paragraph\">Membres du Tiers Ordre, famille et amis de la Famille religieuse du Verbe Incarn\u00e9 venus d\u2019Albanie, d\u2019Argentine, d\u2019Australie, de Bolivie, du Br\u00e9sil, du Canada, du Chili, de Chine, de Chypre, de R\u00e9publique dominicaine, d\u2019\u00c9quateur, d\u2019\u00c9gypte, de France, d\u2019Allemagne, de Gr\u00e8ce, du Guatemala, du Guyana, du Honduras, d\u2019Irak, d\u2019Islande, d\u2019Irlande, d\u2019Isra\u00ebl, d\u2019Italie, de Jordanie, du Kazakhstan, de Lituanie, du Luxembourg, du Mexique, du Nicaragua, de Palestine, du Panama, de Papouasie-Nouvelle-Guin\u00e9e, du P\u00e9rou, du Paraguay, des Philippines, de Porto Rico, de Russie, des \u00celes Salomon, de Syrie, de Tanzanie, du Tadjikistan, de la Tunisie, de l\u2019Ukraine, des \u00c9tats-Unis, de l\u2019Uruguay, de l\u2019Ouzb\u00e9kistan, du Venezuela.<\/p>\n<\/details>\n<\/div>\n<\/div>\n","protected":false},"excerpt":{"rendered":"<p>Nous avons re\u00e7u une demande de signature d\u2019une lettre adress\u00e9e au pape L\u00e9on XIV, par des membres du Tiers Ordre du Verbe Incarn\u00e9 (voir le texte \u00e0 la fin de cet article*), demandant au Saint-P\u00e8re que, au lieu de Monseigneur Satu\u00e9, des autorit\u00e9s soient nomm\u00e9es pour \u00ab ressentir un v\u00e9ritable amour \u00bb pour l\u2019Institut du [&hellip;]<\/p>\n","protected":false},"author":1,"featured_media":10359,"comment_status":"open","ping_status":"closed","sticky":false,"template":"","format":"standard","meta":{"advanced_seo_description":"","jetpack_seo_html_title":"","jetpack_seo_noindex":false,"jetpack_seo_schema_type":"","_jetpack_newsletter_access":"","_jetpack_dont_email_post_to_subs":false,"_jetpack_newsletter_tier_id":0,"_jetpack_memberships_contains_paywalled_content":false,"_jetpack_feature_clip_id":0,"_jetpack_memberships_contains_paid_content":false,"footnotes":"","jetpack_publicize_message":"","jetpack_publicize_feature_enabled":true,"jetpack_social_post_already_shared":true,"jetpack_social_options":{"image_generator_settings":{"template":"highway","default_image_id":0,"font":"","enabled":false},"version":2},"jetpack_post_was_ever_published":false},"categories":[2077,274],"tags":[307,2252,547],"class_list":["post-10289","post","type-post","status-publish","format-standard","has-post-thumbnail","hentry","category-commissaire-pontifical","category-reflexion-fr","tag-manipulation","tag-satue","tag-troisieme-ordre"],"jetpack_publicize_connections":[],"jetpack_sharing_enabled":true,"jetpack_likes_enabled":true,"jetpack_featured_media_url":"https:\/\/i0.wp.com\/verbo-encarnado-ssvm-abusos.info\/wp-content\/uploads\/2026\/09\/grok-image-ecc0728f-a339-4db3-b1f5-9ae58cf59047.jpg?fit=1792%2C1008&ssl=1","_links":{"self":[{"href":"https:\/\/verbo-encarnado-ssvm-abusos.info\/fr\/wp-json\/wp\/v2\/posts\/10289","targetHints":{"allow":["GET"]}}],"collection":[{"href":"https:\/\/verbo-encarnado-ssvm-abusos.info\/fr\/wp-json\/wp\/v2\/posts"}],"about":[{"href":"https:\/\/verbo-encarnado-ssvm-abusos.info\/fr\/wp-json\/wp\/v2\/types\/post"}],"author":[{"embeddable":true,"href":"https:\/\/verbo-encarnado-ssvm-abusos.info\/fr\/wp-json\/wp\/v2\/users\/1"}],"replies":[{"embeddable":true,"href":"https:\/\/verbo-encarnado-ssvm-abusos.info\/fr\/wp-json\/wp\/v2\/comments?post=10289"}],"version-history":[{"count":5,"href":"https:\/\/verbo-encarnado-ssvm-abusos.info\/fr\/wp-json\/wp\/v2\/posts\/10289\/revisions"}],"predecessor-version":[{"id":10352,"href":"https:\/\/verbo-encarnado-ssvm-abusos.info\/fr\/wp-json\/wp\/v2\/posts\/10289\/revisions\/10352"}],"wp:featuredmedia":[{"embeddable":true,"href":"https:\/\/verbo-encarnado-ssvm-abusos.info\/fr\/wp-json\/wp\/v2\/media\/10359"}],"wp:attachment":[{"href":"https:\/\/verbo-encarnado-ssvm-abusos.info\/fr\/wp-json\/wp\/v2\/media?parent=10289"}],"wp:term":[{"taxonomy":"category","embeddable":true,"href":"https:\/\/verbo-encarnado-ssvm-abusos.info\/fr\/wp-json\/wp\/v2\/categories?post=10289"},{"taxonomy":"post_tag","embeddable":true,"href":"https:\/\/verbo-encarnado-ssvm-abusos.info\/fr\/wp-json\/wp\/v2\/tags?post=10289"}],"curies":[{"name":"wp","href":"https:\/\/api.w.org\/{rel}","templated":true}]}}