{"id":5712,"date":"2025-06-09T15:49:07","date_gmt":"2025-06-09T15:49:07","guid":{"rendered":"https:\/\/verbo-encarnado-ssvm-abusos.info\/dans-la-rue-sans-securite-sociale-et-avec-seulement-500-euros-apres-20-ans-de-nonne\/"},"modified":"2025-06-10T19:04:09","modified_gmt":"2025-06-10T19:04:09","slug":"dans-la-rue-sans-securite-sociale-et-avec-seulement-500-euros-apres-20-ans-de-nonne","status":"publish","type":"post","link":"https:\/\/verbo-encarnado-ssvm-abusos.info\/fr\/dans-la-rue-sans-securite-sociale-et-avec-seulement-500-euros-apres-20-ans-de-nonne\/","title":{"rendered":"Dans la rue sans s\u00e9curit\u00e9 sociale et avec seulement 500 euros apr\u00e8s 20 ans de nonne"},"content":{"rendered":"\n<p><em>Aujourd\u2019hui, diff\u00e9rents m\u00e9dias en Espagne se sont fait l\u2019\u00e9cho de l\u2019histoire de l\u2019ancienne s\u0153ur Fidelis, rejoignant ainsi de nombreuses victimes \u00e0 travers le monde qui d\u00e9noncent exactement la m\u00eame chose. Sans aller plus loin, \u00e0 Mendoza, en Argentine, les SSVM sont jug\u00e9s pour abandon de personne et dommages moraux de l\u2019ancien Sr. Piaghe, qui avait \u00e9galement plus de 25 ans et est tomb\u00e9 malade \u00e0 l\u2019int\u00e9rieur. Aujourd\u2019hui, elle doit faire face aux tribunaux sans que ses sup\u00e9rieurs aient la moindre charit\u00e9 pour faire face aux dommages qu\u2019ils ont caus\u00e9s. En Espagne, ils ont interview\u00e9 l\u2019ancienne s\u0153ur Fidelis qui a eu le courage de nous raconter son histoire. Ici, nous reproduisons celui du m\u00e9dia \u00ab\u00a0La voz de Galicia\u00a0\u00bb, bien que la nouvelle ait \u00e9t\u00e9 publi\u00e9e dans diff\u00e9rents m\u00e9dias en Espagne.     <\/em><\/p>\n\n<!--more-->\n\n<h3 class=\"wp-block-heading\">Une femme qui \u00e9tait dans les \u00ab servantes \u00bb de la congr\u00e9gation du Verbe incarn\u00e9 d\u00e9nonce la pr\u00e9carit\u00e9 \u00e0 laquelle sont confront\u00e9s ceux qui abandonnent l\u2019habit<\/h3>\n\n<p><strong>8 juin 2025<\/strong> <a href=\"https:\/\/api.whatsapp.com\/send?text=https:\/\/www.lavozdegalicia.es\/noticia\/sociedad\/2025\/06\/08\/calle-seguridad-social-solo-500-euros-despues-20-anos-monja\/00031749383599074652961.htm?utm_source=whatsapp%26utm_medium=referral%26utm_campaign=share%26utm_content=00031749383599074652961\"><\/a><a href=\"mailto:?subject=Esta%20noticia%20de%20La%20Voz%20te%20puede%20interesar&amp;body=En%20la%20calle%20sin%20seguridad%20social%20y%20con%20solo%20500%20euros%20despu%C3%A9s%20de%2020%20a%C3%B1os%20como%20monja%20https:\/\/www.lavozdegalicia.es\/noticia\/sociedad\/2025\/06\/08\/calle-seguridad-social-solo-500-euros-despues-20-anos-monja\/00031749383599074652961.htm?utm_source=email%26utm_medium=referral%26utm_campaign=share%26utm_content=00031749383599074652961\"><\/a><a href=\"https:\/\/www.facebook.com\/sharer\/sharer.php?u=https:\/\/www.lavozdegalicia.es\/noticia\/sociedad\/2025\/06\/08\/calle-seguridad-social-solo-500-euros-despues-20-anos-monja\/00031749383599074652961.htm?utm_source=facebook.com%26utm_medium=referral%26utm_campaign=share%26utm_content=00031749383599074652961\"><\/a><a href=\"https:\/\/twitter.com\/intent\/tweet?text=https:\/\/www.lavozdegalicia.es\/noticia\/sociedad\/2025\/06\/08\/calle-seguridad-social-solo-500-euros-despues-20-anos-monja\/00031749383599074652961.htm?utm_source=t.co%26utm_medium=referral%26utm_campaign=share%26utm_content=00031749383599074652961\"><\/a><\/p>\n\n<p>Elle a laiss\u00e9 son nom et a commenc\u00e9 \u00e0 s\u2019appeler Esposa Fidelis, au sein de la congr\u00e9gation <strong>o\u00f9 elle est entr\u00e9e alors qu\u2019elle n\u2019avait que 18 ans<\/strong>. Un an plus t\u00f4t, alors qu\u2019il \u00e9tait all\u00e9 \u00e0 la messe pour le groupe de jeunes o\u00f9 il s \u00ab \u00e9tait fait des amis, il avait avou\u00e9 au pr\u00eatre de sa paroisse : \u00ab Je voulais servir le Christ, mais je ne savais pas comment \u00bb. D\u00e8s lors, \u00ab les pr\u00eatres du Verbe incarn\u00e9 ont commenc\u00e9 \u00e0 te regarder comme la fille choisie. Pas seulement avec moi, avec beaucoup. Le p\u00e8re vous regarde, vous appelle, ferme la porte du bureau et vous dit : je vois quelque chose en vous, vous \u00eates pr\u00eat \u00e0 faire une retraite. J\u2019avais fait la communion et la confirmation, j\u2019allais \u00e0 la messe de temps en temps mais \u00e0 ce moment-l\u00e0 je ne me sentais pas appel\u00e9e par Dieu, loin de l\u00e0, mais je pensais que c \u00bb \u00e9tait important.  <\/p>\n\n<p>L \u00ab \u00e9pouse Fidelis, comme elle pr\u00e9f\u00e8re \u00eatre appel\u00e9e dans ce rapport, raconte comment elle est entr\u00e9e dans la \u201cbranche f\u00e9minine de la famille religieuse\u201d de l\u2019Institut du Verbe Incarn\u00e9, appel\u00e9e Servantes du Seigneur et de la Vierge de Matar\u00e1. Fond\u00e9e en 1988 en Argentine et d\u00e9j\u00e0 r\u00e9pandue dans 44 pays, selon ses propres donn\u00e9es<strong>, <\/strong>elle se consacre au service des pr\u00eatres catholiques dans diff\u00e9rentes destinations. En Espagne, l \u00bb \u00e9pouse Fidelis, originaire du Br\u00e9sil, a s\u00e9journ\u00e9 aux \u00eeles Canaries et en Catalogne, avant de quitter l\u2019ordre, vingt ans plus tard.  <\/p>\n\n<p>Apr\u00e8s avoir rompu la relation avec ses parents, qui s\u2019opposaient \u00e0 ce qu\u2019elle choisisse la vie de religieuse, elle entra au couvent. \u00ab Pour nous, le premier acte de courage, le plus grand que l\u2019on puisse faire devant Dieu, c\u2019est contre nos parents de sang, contre notre propre famille \u00bb, dit celui qui, depuis lors, r\u00e9p\u00e8te une routine quotidienne. \u00ab Toutes les ann\u00e9es de religieuse que j\u2019ai v\u00e9cues, d\u00e8s le premier instant, je me suis lev\u00e9e \u00e0 six heures du matin, et apr\u00e8s la messe et <strong>l\u2019adoration, j\u2019ai d\u00fb nettoyer, cuisiner, coudre, repasser.<\/strong> Tout ce que le pr\u00eatre demandait. Le week-end, je donnais la cat\u00e9ch\u00e8se aux enfants.   <\/p>\n\n<p>L\u2019esclavage de l\u2019amour<\/p>\n\n<p>Selon l\u2019Institut du Verbe Incarn\u00e9, que ce journal a contact\u00e9 sans obtenir de r\u00e9ponse, \u00ab les s\u0153urs consacrent toute leur vie \u00e0 la pri\u00e8re, \u00e0 la p\u00e9nitence et \u00e0 la contemplation \u00bb et \u00e0<strong> \u00ab l\u2019esclavage de la volont\u00e9 et de l\u2019amour \u00bb<\/strong> avec \u00ab l\u2019offrande de tous nos biens et de nous-m\u00eames \u00bb. \u00ab Tout votre monde est l\u00e0, avec un emploi du temps tr\u00e8s rigide, \u00e9tabli pour faire tout le monde la m\u00eame chose, en m\u00eame temps. Tous les jours se ressemblent et vous \u00eates oblig\u00e9 de vous confesser une fois par semaine. <\/p>\n\n<p>Jusqu\u2019\u00e0 l\u2019\u00e2ge de 38 ans, l\u2019\u00e9pouse Fidelis a servi dans les couvents. \u00c0 cet \u00e2ge, il r\u00e9ussit \u00e0 rendre effectif son renoncement \u00e0 la vie religieuse. \u00ab Je suis parti \u00e0 l\u2019\u00e2ge de 38 ans, je n\u2019ai jamais travaill\u00e9 de ma vie, je n\u2019ai pas d\u2019\u00e9tudes, seulement des \u00e9tudes th\u00e9ologiques qui, au moins si elles \u00e9taient valides, si j\u2019avais un dipl\u00f4me valide, je pouvais commencer \u00e0 partir de l\u00e0, mais pour le monde je n\u2019ai rien \u00e9tudi\u00e9 \u00bb, explique-t-il. \u00ab <strong>C\u2019\u00e9tait comme si j\u2019\u00e9tais transport\u00e9 d\u2019une plan\u00e8te \u00e0 une autre<\/strong>. Je suis parti sans savoir comment ouvrir un compte bancaire, sans amiti\u00e9s, sans relations avec personne. Peu \u00e0 peu, il comprend qu\u2019il n\u2019a jamais cotis\u00e9 \u00e0 la s\u00e9curit\u00e9 sociale, qu\u2019il n\u2019a pas le droit au ch\u00f4mage ni m\u00eame une carte de sant\u00e9. Lorsqu\u2019elle a \u00e9t\u00e9 renvoy\u00e9e du couvent, se souvient-elle, elle n\u2019a re\u00e7u que 500 euros.   <\/p>\n\n<blockquote class=\"wp-block-quote is-layout-flow wp-block-quote-is-layout-flow\">\n<p><small>\u00ab Il n\u2019y avait rien d\u2019autre \u00e0 faire. Attendez simplement la mort, car la mort m\u2019emm\u00e8nerait au ciel.<\/small><\/p>\n<\/blockquote>\n\n<p>\u00ab Ce cas est similaire \u00e0 celui de sept autres personnes qui appartenaient \u00e0 cette congr\u00e9gation \u00bb, explique Juantxo Dom\u00ednguez, pr\u00e9sident du R\u00e9seau pour la pr\u00e9vention du sectarisme et de l\u2019abus de faiblesse (Redune), qui conseille \u00e0 Esposa Fidelis et aux autres personnes de porter leur affaire devant les tribunaux. \u00ab Ceux qui viennent ne peuvent pas se pr\u00e9senter parce qu\u2019ils restent dans la rue. En fin de compte<strong> , ils travaillent, travaillent et travaillent sans s\u00e9curit\u00e9 sociale<\/strong> et ils seront comme \u00e7a jusqu\u2019\u00e0 leur mort. C\u2019est une situation qui se passe dans le domaine eccl\u00e9siastique, qu\u2019il soit catholique ou \u00e9vang\u00e9lique, et institutionnel. Le proc\u00e8s \u00ab se concentre, d\u2019une part, sur l\u2019aspect de ne pas avoir contribu\u00e9 \u00e0 la S\u00e9curit\u00e9 sociale et, d\u2019autre part, sur la coercition de ne pas abandonner l\u2019ordre \u00bb.    <\/p>\n\n<p>\u00ab\u00a0C \u00ab \u00e9tait horrible, horrible. Je n\u2019aurais jamais imagin\u00e9 que j\u2019aurais faim, froid et que je resterais jusqu \u00bb \u00e0 trois heures du matin sans savoir o\u00f9 dormir. Je me suis occup\u00e9e de la grand-m\u00e8re d\u2019une connaissance et pendant la pand\u00e9mie, j\u2019ai \u00e9t\u00e9 accueillie par une autre congr\u00e9gation religieuse qui m\u2019a permis de vivre dans une chambre sans payer. Mais je n\u2019avais pas d\u2019argent pour me nourrir non plus, ou quoi que ce soit \u00ab , se souvient-il. \u00bb Je n\u2019ai plus voulu avoir de contact avec le Verbe incarn\u00e9. Maintenant, j\u2019essaie de les poursuivre pour avoir ni\u00e9 qu\u2019il y ait eu une relation d\u2019emploi et pour avoir dit, sans mon consentement, que j \u00ab \u00e9tais travailleuse autonome depuis quelques ann\u00e9es, alors que j \u00bb \u00e9tais encore religieuse.    <strong>Et toutes les ann\u00e9es o\u00f9 je n\u2019ai pas cotis\u00e9 ?<\/strong>  Je n\u2019ai rien de ces ann\u00e9es, qu\u2019est-ce que j\u2019ai gagn\u00e9, je n\u2019ai rien gagn\u00e9. Il y a quelques ann\u00e9es, j\u2019ai essay\u00e9 d\u2019intenter une action en dommages et int\u00e9r\u00eats et dommages moraux, avec un avocat commis d\u2019office, mais je n\u2019ai pas de r\u00e9ponse. Je ferai ce que je peux.  <\/p>\n\n<p>R\u00e9signation et silence<\/p>\n\n<p>La premi\u00e8re fois qu\u2019il a essay\u00e9 de d\u00e9missionner, c \u00ab \u00e9tait avant qu\u2019il ne prononce ses premiers v\u0153ux. Le sup\u00e9rieur du couvent l\u2019a envoy\u00e9e en retraite, dit-elle, d\u2019o\u00f9 elle est sortie convaincue que \u00ab je payais pour mes p\u00e9ch\u00e9s et qu\u2019il n\u2019y avait rien d\u2019autre \u00e0 faire. Attends simplement la mort parce que la mort m\u2019emm\u00e8nerait au ciel. Il prononce ses premiers v\u0153ux \u00e0 l \u00bb \u00e2ge de 19 ans et les renouvelle chaque ann\u00e9e. En 2004, \u00e0 Tenerife, elle n\u2019a pas voulu prononcer ses v\u0153ux perp\u00e9tuels, affirme son \u00e9pouse Fidelis, et elle a \u00e9t\u00e9 affect\u00e9e \u00e0 un monast\u00e8re du silence, <strong>\u00ab pour que Dieu me montre que j\u2019avais une vocation \u00bb.<\/strong>   <\/p>\n\n<blockquote class=\"wp-block-quote is-layout-flow wp-block-quote-is-layout-flow\">\n<p><small>\u00ab Nous n\u2019avions pas de carte de sant\u00e9 publique. Ils nous ont soign\u00e9s dans une mutuelle priv\u00e9e, pour nous \u00e9viter d\u2019aller \u00e0 l\u2019h\u00f4pital.<\/small><\/p>\n<\/blockquote>\n\n<p>Pendant plusieurs ann\u00e9es, la d\u00e9mission devant le sup\u00e9rieur, l\u2019enfermement dans les monast\u00e8res et les retrouvailles dans le couvent se sont r\u00e9p\u00e9t\u00e9s, m\u00eame si c\u2019\u00e9tait dans des couvents diff\u00e9rents. \u00ab Je devenais de plus en plus triste, <strong>j\u2019ai arr\u00eat\u00e9 de manger et de dormir.<\/strong> J\u2019avais des convulsions pendant la nuit. Je me suis dit : c\u2019est le r\u00e9sultat de vivre une vie qui n\u2019est pas la tienne. Son \u00e9tat de sant\u00e9 ne cessa de se d\u00e9t\u00e9riorer et elle fut envoy\u00e9e \u00e0 la \u00ab maison provinciale de la congr\u00e9gation de Barcelone, o\u00f9 se trouvait le sup\u00e9rieur majeur. Ils m\u2019ont fait partir avec ce que je portais. Il a b\u00e9n\u00e9fici\u00e9 d\u2019un cong\u00e9 sabbatique de trois mois pour se r\u00e9tablir. \u00ab Ils m\u2019ont dit : &lsquo;J\u00e9sus-Christ t\u2019a-t-il abandonn\u00e9 quand il \u00e9tait sur la croix ?&rsquo; Il est mort pour toi, et toi, parce que tu es triste, vas-tu l\u2019abandonner ? \u00c0 ce moment-l\u00e0, il avait \u00ab un peu plus de trente ans \u00bb. La r\u00e9it\u00e9ration de ce comportement pourrait servir, dans un proc\u00e8s, \u00e0 d\u00e9montrer la \u00ab coercition \u00bb point\u00e9e par RedUne.       <\/p>\n\n<p>Sa sant\u00e9 s\u2019est d\u00e9t\u00e9rior\u00e9e et il a commenc\u00e9 \u00e0 voir un psychiatre dans un cabinet priv\u00e9. \u00ab D\u2019autres s\u0153urs d\u00e9pressives sont all\u00e9es voir le m\u00eame psychiatre \u00bb, dit-elle. \u00ab Nous n\u2019avions pas de carte de sant\u00e9 publique. Ils nous ont soign\u00e9s dans une mutuelle priv\u00e9e, pour nous \u00e9viter d\u2019aller dans un h\u00f4pital public et pour nous avoir plus contr\u00f4l\u00e9s. Je souffrais de d\u00e9pression depuis 2009 et ce n\u2019est qu\u2019en 2014 qu\u2019ils ont d\u00e9cid\u00e9 de m\u2019emmener chez un psychiatre. Elle \u00e9tait d\u00e9j\u00e0 abandonn\u00e9e, sans l\u2019envie de parler, <strong>sans la force de se battre<\/strong>. Je ne parle que de mon cas. Apr\u00e8s s \u00ab \u00eatre rendue \u00e0 l\u2019h\u00f4pital, o\u00f9 elle a dit qu\u2019elle avait ing\u00e9r\u00e9 suffisamment de pilules pour se suicider et avoir \u00e9t\u00e9 class\u00e9e comme un possible suicide, l \u00bb \u00e9pouse Fidelis a r\u00e9ussi, mais pas avant de passer \u00e0 nouveau par l\u2019isolement dans des monast\u00e8res, que le sup\u00e9rieur lui a permis de partir.       <\/p>\n\n<p><em>\u00ab <strong>C\u2019est difficile de rester croyant<\/strong>, mais je ne vais pas nier l\u2019existence de Dieu parce que je suis trop intelligent pour cela. Il ne s\u2019agit pas de nier, mais la relation avec Dieu est bless\u00e9e. Elle est totalement bless\u00e9e. Le spirituel sonne comme le Verbe incarn\u00e9 pour moi et entrer dans une \u00e9glise, c\u2019est comme revivre un traumatisme. Chaque fois que j\u2019essaie d\u2019entrer dans une \u00e9glise, je me retrouve dans une crise de rage, et je pr\u00e9f\u00e8re en sortir \u00bb, explique l\u2019\u00e9pouse Fidelis. \u00ab Quand je repense \u00e0 ma jeunesse, je vois que j\u2019ai perdu la vie. Le seul r\u00eave que j\u2019avais clair \u00e9tait d\u2019avoir une famille, d\u2019avoir des enfants.     <\/em><\/p>\n\n<p><\/p>\n","protected":false},"excerpt":{"rendered":"<p>Aujourd\u2019hui, diff\u00e9rents m\u00e9dias en Espagne se sont fait l\u2019\u00e9cho de l\u2019histoire de l\u2019ancienne s\u0153ur Fidelis, rejoignant ainsi de nombreuses victimes \u00e0 travers le monde qui d\u00e9noncent exactement la m\u00eame chose. Sans aller plus loin, \u00e0 Mendoza, en Argentine, les SSVM sont jug\u00e9s pour abandon de personne et dommages moraux de l\u2019ancien Sr. Piaghe, qui avait [&hellip;]<\/p>\n","protected":false},"author":5,"featured_media":5675,"comment_status":"open","ping_status":"closed","sticky":false,"template":"","format":"standard","meta":{"advanced_seo_description":"","jetpack_seo_html_title":"","jetpack_seo_noindex":false,"jetpack_post_was_ever_published":false,"_jetpack_newsletter_access":"","_jetpack_dont_email_post_to_subs":false,"_jetpack_newsletter_tier_id":0,"_jetpack_memberships_contains_paywalled_content":false,"_jetpack_memberships_contains_paid_content":false,"footnotes":"","jetpack_publicize_message":"","jetpack_publicize_feature_enabled":true,"jetpack_social_post_already_shared":true,"jetpack_social_options":{"image_generator_settings":{"template":"highway","default_image_id":0,"font":"","enabled":false},"version":2}},"categories":[207,240],"tags":[537,253],"class_list":["post-5712","post","type-post","status-publish","format-standard","has-post-thumbnail","hentry","category-nouvelles","category-temoignages","tag-abus-de-pouvoir","tag-ex-ssvm-fr"],"jetpack_publicize_connections":[],"jetpack_featured_media_url":"https:\/\/i0.wp.com\/verbo-encarnado-ssvm-abusos.info\/wp-content\/uploads\/2025\/06\/monja.webp?fit=768%2C430&ssl=1","jetpack_sharing_enabled":true,"jetpack_likes_enabled":true,"_links":{"self":[{"href":"https:\/\/verbo-encarnado-ssvm-abusos.info\/fr\/wp-json\/wp\/v2\/posts\/5712","targetHints":{"allow":["GET"]}}],"collection":[{"href":"https:\/\/verbo-encarnado-ssvm-abusos.info\/fr\/wp-json\/wp\/v2\/posts"}],"about":[{"href":"https:\/\/verbo-encarnado-ssvm-abusos.info\/fr\/wp-json\/wp\/v2\/types\/post"}],"author":[{"embeddable":true,"href":"https:\/\/verbo-encarnado-ssvm-abusos.info\/fr\/wp-json\/wp\/v2\/users\/5"}],"replies":[{"embeddable":true,"href":"https:\/\/verbo-encarnado-ssvm-abusos.info\/fr\/wp-json\/wp\/v2\/comments?post=5712"}],"version-history":[{"count":1,"href":"https:\/\/verbo-encarnado-ssvm-abusos.info\/fr\/wp-json\/wp\/v2\/posts\/5712\/revisions"}],"predecessor-version":[{"id":5713,"href":"https:\/\/verbo-encarnado-ssvm-abusos.info\/fr\/wp-json\/wp\/v2\/posts\/5712\/revisions\/5713"}],"wp:featuredmedia":[{"embeddable":true,"href":"https:\/\/verbo-encarnado-ssvm-abusos.info\/fr\/wp-json\/wp\/v2\/media\/5675"}],"wp:attachment":[{"href":"https:\/\/verbo-encarnado-ssvm-abusos.info\/fr\/wp-json\/wp\/v2\/media?parent=5712"}],"wp:term":[{"taxonomy":"category","embeddable":true,"href":"https:\/\/verbo-encarnado-ssvm-abusos.info\/fr\/wp-json\/wp\/v2\/categories?post=5712"},{"taxonomy":"post_tag","embeddable":true,"href":"https:\/\/verbo-encarnado-ssvm-abusos.info\/fr\/wp-json\/wp\/v2\/tags?post=5712"}],"curies":[{"name":"wp","href":"https:\/\/api.w.org\/{rel}","templated":true}]}}