{"id":10292,"date":"2026-09-05T15:43:09","date_gmt":"2026-09-05T15:43:09","guid":{"rendered":"https:\/\/verbo-encarnado-ssvm-abusos.info\/cosa-farebbero-i-vescovi-amici-dellive-se-fossero-commissari\/"},"modified":"2026-09-05T16:53:34","modified_gmt":"2026-09-05T16:53:34","slug":"cosa-farebbero-i-vescovi-amici-dellive-se-fossero-commissari","status":"publish","type":"post","link":"https:\/\/verbo-encarnado-ssvm-abusos.info\/it\/cosa-farebbero-i-vescovi-amici-dellive-se-fossero-commissari\/","title":{"rendered":"Cosa farebbero i vescovi amici dell&#8217;IVE se fossero commissari?"},"content":{"rendered":"\n<p class=\"wp-block-paragraph\">Abbiamo ricevuto una richiesta di firmare una lettera indirizzata a Papa Leone XIV, da membri del Terzo Ordine della Parola Incarnata (vedi testo alla fine di questo articolo*), che chiedono al Santo Padre che, invece di Monsignor Satu\u00e9, vengano nominate autorit\u00e0 che &#8220;provino il vero amore&#8221; per l&#8217;Istituto del Verbo Incarnato. I suoi autori (sacerdoti dell&#8217;IVE, senza dubbio) assicurano, <strong>inoltre, che ci sono vescovi che amano l&#8217;IVE e sarebbero disposti ad assumerne il governo.<\/strong> <\/p>\n\n<p class=\"wp-block-paragraph\">La richiesta sembra ragionevole. Ma solleva una domanda molto concreta: cosa farebbero di diversamente quei vescovi? <\/p>\n\n<!--more-->\n\n<p class=\"wp-block-paragraph\">Supponiamo che uno di loro ricevesse lo stesso mandato di Monsignor Satu\u00e9, conoscesse gli stessi fatti e assumesse la stessa responsabilit\u00e0 davanti alla Santa Sede. Avrebbe tenuto aperti i noviziati? Avrebbe rinunciato alla revisione delle Costituzioni? Avrebbe immediatamente restituito il governo alle autorit\u00e0 precedenti? Avrebbe considerato infondate le denunce e la resistenza segnalate da Roma?    <\/p>\n\n<p class=\"wp-block-paragraph\">Il <a href=\"https:\/\/www.infocatolica.com\/?cod=51357&amp;t=ic\">decreto pontificio<\/a> non presenta il commissario come un semplice osservatore. Gli affida la gestione dell&#8217;Istituto, la revisione della propria legge e una profonda riforma. L&#8217;intervento non sembra volto a distruggere l&#8217;IVE, ma a impedirne la scomparsa a causa della sua incapacit\u00e0 di riformarsi, come abbiamo gi\u00e0 spiegato nel <a href=\"https:\/\/verbo-encarnado-ssvm-abusos.info\/it\/la-santa-sede-istituisce-il-nuovo-governo-dellistituto-del-verbo-incarnato\/\">nostro articolo sul nuovo governo<\/a>.  <\/p>\n\n<p class=\"wp-block-paragraph\">Se questi vescovi amichevoli obbedivano allo stesso ordine, allora il problema non sarebbe stata la mancanza di affetto di Satu\u00e9. Se avessero agito diversamente, sarebbe necessario spiegare esattamente in cosa consisterebbe questa differenza e perch\u00e9 sarebbe compatibile con le decisioni di Roma. <\/p>\n\n<p class=\"wp-block-paragraph\">La domanda non \u00e8 chi ama di pi\u00f9 l&#8217;IVE. Un commissario pontificio non viene inviato per essere amico o nemico di un istituto, ma per governarlo in nome della Chiesa. <\/p>\n\n<p class=\"wp-block-paragraph\">Il futuro dell&#8217;IVE non dovrebbe dipendere da una competizione tra &#8220;amici&#8221; e &#8220;nemici&#8221;. Si pu\u00f2 voler salvare l&#8217;Istituto e allo stesso tempo chiedere verit\u00e0, riforme e responsabilit\u00e0. <\/p>\n\n<h2 class=\"wp-block-heading\">Prendere il Papa e i membri del Terzo Ordine per stupidi<\/h2>\n\n<p class=\"wp-block-paragraph\">Leggendo questo, ci si chiede:<\/p>\n\n<ul class=\"wp-block-list\">\n<li>Le persone dell&#8217;IVE pensano davvero che il Papa non conosca la verit\u00e0 sull&#8217;IVE?<\/li>\n\n\n\n<li>Le persone dell&#8217;IVE sono trasparenti con i membri del Terzo Ordine riguardo ai problemi umani, psichiatrici, morali, ecc. molto gravi di molti sacerdoti e monache?<\/li>\n<\/ul>\n\n<p class=\"wp-block-paragraph\">Speriamo che Satu\u00e9 rimetta ordine una volta per tutte.<\/p>\n\n<p class=\"wp-block-paragraph\"><\/p>\n\n<hr class=\"wp-block-separator has-alpha-channel-opacity\"\/>\n\n<div class=\"wp-block-columns is-layout-flex wp-container-core-columns-is-layout-794e3cfa wp-block-columns-is-layout-flex\">\n<div class=\"wp-block-column is-layout-flow wp-block-column-is-layout-flow\" style=\"flex-basis:100%\">\n<details class=\"wp-block-details is-layout-flow wp-block-details-is-layout-flow\"><summary>La Lettera al Papa<\/summary>\n<p class=\"wp-block-paragraph\"><em>* <\/em><br\/>Padre Beatissimo,<\/p>\n\n\n\n<p class=\"wp-block-paragraph\">Ci rivolgiamo umilmente e rispettosamente a Vostra Santit\u00e0, in qualit\u00e0 di genitori, parenti e amici dei religiosi dell&#8217;Istituto del Verbo Incarnato e dell&#8217;Istituto dei Servi del Signore e della Vergine di Matar\u00e1, e a molti di noi anche come membri del Terzo Ordine Secolare della Famiglia Religiosa che riunisce entrambi gli Istituti.<\/p>\n\n\n\n<p class=\"wp-block-paragraph\">Desideriamo esprimervi la nostra profonda e dolorosa preoccupazione per la situazione in cui sta passando la nostra amata &#8220;Congregazione&#8221;, date le circostanze di cui Vostra Santit\u00e0 deve essere ben consapevole.<\/p>\n\n\n\n<p class=\"wp-block-paragraph\">Molti di noi hanno anche avuto la grazia di conoscere entrambi gli Istituti dalle rispettive fondazioni. Li abbiamo visti crescere con la povert\u00e0 e i sacrifici che ne derivano.<br\/>Implicava, ma anche la santa gioia con cui tutti i suoi membri sopportarono le difficolt\u00e0 di quei tempi a causa dei pochi mezzi materiali a disposizione e del gran numero di giovani che, attratti dallo stile sacerdotale e religioso proprio al particolare carisma della fondazione, si avvicinavano anno dopo anno per discernere adeguatamente la chiamata che affermavano di provare per quella vita. <\/p>\n\n\n\n<p class=\"wp-block-paragraph\">Ma, soprattutto, l&#8217;abbiamo vissuta e conosciuta anche nei nostri amati figli che, per grazia di Dio, hanno intrapreso quella strada ardua ma benedetta e con la loro vita ci hanno mostrato la loro felicit\u00e0.<\/p>\n\n\n\n<p class=\"wp-block-paragraph\">I nostri cuori paterni \u2014 le madri conoscono i cuori ancora pi\u00f9 dei padri \u2014 non possono essere negati quando abbiamo visto la santa gioia che hanno trasmesso nel poter portare il Vangelo a chi ancora non lo conosce. E questo, oltre al dolore delle separazioni avvenute sia all&#8217;inizio della loro vita religiosa \u2014 Vostra Santit\u00e0 sicuramente l&#8217;ha vissuto nella propria famiglia \u2014 sia, quando sacerdoti o suore ordinati stanno terminando gli studi, sono partiti per terre lontane e spesso sconosciute. <\/p>\n\n\n\n<p class=\"wp-block-paragraph\">Certamente, Vostra Santit\u00e0 sa molto bene che spesso si trovano in luoghi molto difficili, da Gaza alla Papua, dalla Cina all&#8217;Egitto e alla Tanzania, dalla Siria all&#8217;Ucraina, o, cosa a volte peggiore e pi\u00f9 allettante, in luoghi estremamente avanzati in termini di progresso e ricchezza, poich\u00e9, come sappiamo, hanno sempre cercato e richiesto i luoghi pi\u00f9 complessi e quelli in cui pochi vogliono andare.<\/p>\n\n\n\n<p class=\"wp-block-paragraph\">L&#8217;impronta di questa Famiglia Religiosa \u00e8 stata la &#8220;Missione&#8221;. Un grande compito svolto in adempimento del mandato evangelico. Tuttavia, siamo consapevoli nella &#8220;Congregazione&#8221; che questa grande opera pastorale \u00e8 stata sostenuta e sostenuta soprannaturalmente sia dalle preghiere di quei membri che in particolare hanno sentito e discernito la chiamata a una vita pi\u00f9 chiusa e contemplativa nelle varie comunit\u00e0 monastiche anch&#8217;esse fondate, sia nell&#8217;esercizio di opere di carit\u00e0, principalmente con coloro che sono pi\u00f9 depurati dalla terra, nelle cosiddette &#8220;Piccole Case&#8221;, dove tanti bambini, giovani e anziani di entrambi i sessi, e indipendentemente dalla loro origine o dalle loro credenze, con i loro corpi e menti appassiti, lacerati e disabili, le cui case si trovano in varie parti del mondo. E inoltre, perch\u00e9 non dirlo, con le nostre povere ma frequenti e ferventi preghiere di noi che siamo genitori e parenti di questi religiosi.   <\/p>\n\n\n\n<p class=\"wp-block-paragraph\">Questo, Santo Padre, \u00e8 ci\u00f2 che in ultima analisi sostiene la &#8220;Missione&#8221; affinch\u00e9 la parola del Nostro Signore Ges\u00f9 Cristo possa diffondersi con amore in ogni angolo del mondo.<\/p>\n\n\n\n<p class=\"wp-block-paragraph\">Ma purtroppo, Santo Padre, ancora una volta riceviamo voci di malintesi, persino di ripudiazione, di rifiuto e disprezzo per tutto questo lavoro, e da parte \u2014 lo affermiamo con grande dolore \u2014 di coloro che sono stati designati come &#8220;autorit\u00e0&#8221; per presumibilmente &#8220;accompagnare&#8221; e &#8220;aiutare&#8221; i nostri amati Istituti a &#8220;perfezionarsi&#8221; come tali. E notiamo anche che questi rifiuti e disprezzo \u2014 che anche noi abbiamo subito nella nostra stessa carne \u2014 in molti casi trovano la loro base in posizioni che, senza dubbio, hanno una forte carica ideologica che, in quanto tali, \u00e8 impossibile confutare. <\/p>\n\n\n\n<p class=\"wp-block-paragraph\">A nostro parere, caro Santo Padre, l&#8217;avanzata verso la perfezione tanto desiderata dall&#8217;intera Famiglia Religiosa del Verbo Incarnato, compresi noi stessi, ovviamente, sar\u00e0 raggiunto, con la Grazia di Dio, con il miglior compimento e mantenimento della lettera delle loro Costituzioni fondatrici e dei rispettivi Direttori, cio\u00e8 con l&#8217;approfondimento del nostro Carisma.<\/p>\n\n\n\n<p class=\"wp-block-paragraph\">Cambiare questo, come dicono le voci che si intendono dire, sarebbe come cambiare l&#8217;essenza di entrambi gli Istituti. E la vocazione dei loro membri alla vita religiosa in essi, specialmente coloro che hanno gi\u00e0 fatto i loro Voti Perpetui e li hanno fatti sulla base e in virt\u00f9 di quel Carisma. E anche per noi, Santo Padre, come laici del Terzo Ordine, che abbiamo sentito la chiamata a progredire nella nostra vita spirituale attraverso quel Carisma.  <\/p>\n\n\n\n<p class=\"wp-block-paragraph\">Sappiamo, Santit\u00e0, che molte caratteristiche della nostra Famiglia Religiosa sono messe in discussione, che, d&#8217;altra parte, sono gi\u00e0 state approvate dalla Chiesa all&#8217;epoca e sono incluse nelle Costituzioni fondatrici.<\/p>\n\n\n\n<p class=\"wp-block-paragraph\">Questo \u00e8 stato messo in discussione, dal modo in cui vengono ricevute le vocazioni, alla formazione che ricevono gli aspiranti al sacerdozio; dall&#8217;uso abituale del loro abito religioso alla liturgia attenta che svolgono; dall&#8217;esistenza dei Seminari Minori alla predicazione degli Esercizi Spirituali secondo il metodo ignaziano; dal presunto &#8220;culto&#8221; del Fondatore al fatto che restano &#8220;chiusi&#8221; nella formazione tomista. Queste, e molte altre domande impossibili da comprendere sia per la loro distorsione e falsit\u00e0 sia per l&#8217;ignoranza della verit\u00e0, le abbiamo sentite e sofferte dai detrattori che, in realt\u00e0, non vogliono aiutare o accompagnare ma solo cambiare radicalmente il Carisma fondante o, nei migliori casi per alcuni di loro, la soppressione del volto della terra della Famiglia Religiosa dell&#8217;IVE. <\/p>\n\n\n\n<p class=\"wp-block-paragraph\">In questo senso, la chiusura per un certo periodo dei novizi e delle postulazioni e la conseguente e deplorevole perdita dell&#8217;ammissione di decine di vocazioni nascenti hanno avuto<br\/>rappresent\u00f2 un colpo irreparabile per la continuit\u00e0 di entrambi gli Istituti.<\/p>\n\n\n\n<p class=\"wp-block-paragraph\">La domanda che sorge spontaneamente, dopo la perplessit\u00e0 e lo stupore in cui siamo immersi, \u00e8 PERCH\u00c9?<\/p>\n\n\n\n<p class=\"wp-block-paragraph\">Caro Santo Padre, che, secondo quelle stesse Costituzioni, \u00e8 &#8220;la presenza incarnante della Verit\u00e0, della Volont\u00e0 e della Santit\u00e0 di Cristo&#8221; (n\u00b012), \u00e8 nostra intenzione supplicare e supplicare ardentemente in questa lettera, prostrati davanti al Nostro<br\/>Signore, per permettere la continuazione della Congregazione a cui apparteniamo insieme ai nostri figli, sacerdoti e religiosi al servizio della Chiesa cattolica, possano essere nominati persone per correggere, se ritenuto necessario, ci\u00f2 che deve essere corretto, ma continuando con il nostro amato Carismo, persone che, oltre a essere adatte, provano anche un vero amore per questa Famiglia Religiosa e che, sinceramente e con tutto il cuore, desiderano la sua vera perfezione e quella di tutti i suoi membri nello stesso spirito con cui \u00e8 stata fondata e che ci guidano, in breve, alla formazione del nostro stesso governo.<\/p>\n\n\n\n<p class=\"wp-block-paragraph\">Sappiamo concretamente che ci sono molti Vescovi che amano davvero la nostra famiglia religiosa, che sarebbero disposti e con grande interesse, affetto e dileczione ad affrontare questo magnifico compito.<\/p>\n\n\n\n<p class=\"wp-block-paragraph\">Ti supplichiamo dunque, Santo Padre, in preghiera continua alla Beata Vergine Maria nel nostro amato titolo di Nostra Signora di Luj\u00e1n, e la cui devozione la nostra Congregazione \u00e8 riuscita a portare nelle sue missioni pi\u00f9 lontane, di ricevere queste suppliche che umilmente ti rivolgiamo, e di accettarle e offrirle benevolamente per il bene delle nostre famiglie e delle nostre famiglie.<br\/>quella della Santa Chiesa Cattolica. <\/p>\n\n\n\n<p class=\"wp-block-paragraph\">Coloro di noi che cos\u00ec si rivolgono a Vostra Santit\u00e0 imploriamo anche la vostra Benedizione Apostolica con il pi\u00f9 profondo rispetto e umilt\u00e0.<\/p>\n\n\n\n<p class=\"wp-block-paragraph\">Membri del Terzo Ordine, familiari e amici della Famiglia Religiosa del Verbo Incarnato provenienti da Albania, Argentina, Australia, Bolivia, Brasile, Canada, Cile, Cina, Cipro, Repubblica Dominicana, Ecuador, Egitto, Francia, Germania, Grecia, Guatemala, Guyana, Honduras, Iraq, Islanda, Irlanda, Israele, Italia, Giordania, Kazakistan, Lituania, Lussemburgo, Messico, Nicaragua, Palestina, Panama, Papua Nuova Guinea, Per\u00f9, Paraguay, Filippine, Porto Rico, Russia, Isole Salomone, Siria, Tanzania, Tagikistan, Tunisia, Ucraina, Stati Uniti, Uruguay, Uzbekistan, Venezuela.<\/p>\n<\/details>\n<\/div>\n<\/div>\n","protected":false},"excerpt":{"rendered":"<p>Abbiamo ricevuto una richiesta di firmare una lettera indirizzata a Papa Leone XIV, da membri del Terzo Ordine della Parola Incarnata (vedi testo alla fine di questo articolo*), che chiedono al Santo Padre che, invece di Monsignor Satu\u00e9, vengano nominate autorit\u00e0 che &#8220;provino il vero amore&#8221; per l&#8217;Istituto del Verbo Incarnato. I suoi autori (sacerdoti [&hellip;]<\/p>\n","protected":false},"author":1,"featured_media":10360,"comment_status":"open","ping_status":"closed","sticky":false,"template":"","format":"standard","meta":{"advanced_seo_description":"","jetpack_seo_html_title":"","jetpack_seo_noindex":false,"jetpack_seo_schema_type":"","_jetpack_newsletter_access":"","_jetpack_dont_email_post_to_subs":false,"_jetpack_newsletter_tier_id":0,"_jetpack_memberships_contains_paywalled_content":false,"_jetpack_feature_clip_id":0,"_jetpack_memberships_contains_paid_content":false,"footnotes":"","jetpack_publicize_message":"","jetpack_publicize_feature_enabled":true,"jetpack_social_post_already_shared":true,"jetpack_social_options":{"image_generator_settings":{"template":"highway","default_image_id":0,"font":"","enabled":false},"version":2},"jetpack_post_was_ever_published":false},"categories":[2065,289],"tags":[306,2253,548],"class_list":["post-10292","post","type-post","status-publish","format-standard","has-post-thumbnail","hentry","category-commissario-pontificio","category-riflessione","tag-manipolazione","tag-satue","tag-terzo-ordine"],"jetpack_publicize_connections":[],"jetpack_sharing_enabled":true,"jetpack_likes_enabled":true,"jetpack_featured_media_url":"https:\/\/i0.wp.com\/verbo-encarnado-ssvm-abusos.info\/wp-content\/uploads\/2026\/09\/grok-image-ecc0728f-a339-4db3-b1f5-9ae58cf59047.jpg?fit=1792%2C1008&ssl=1","_links":{"self":[{"href":"https:\/\/verbo-encarnado-ssvm-abusos.info\/it\/wp-json\/wp\/v2\/posts\/10292","targetHints":{"allow":["GET"]}}],"collection":[{"href":"https:\/\/verbo-encarnado-ssvm-abusos.info\/it\/wp-json\/wp\/v2\/posts"}],"about":[{"href":"https:\/\/verbo-encarnado-ssvm-abusos.info\/it\/wp-json\/wp\/v2\/types\/post"}],"author":[{"embeddable":true,"href":"https:\/\/verbo-encarnado-ssvm-abusos.info\/it\/wp-json\/wp\/v2\/users\/1"}],"replies":[{"embeddable":true,"href":"https:\/\/verbo-encarnado-ssvm-abusos.info\/it\/wp-json\/wp\/v2\/comments?post=10292"}],"version-history":[{"count":5,"href":"https:\/\/verbo-encarnado-ssvm-abusos.info\/it\/wp-json\/wp\/v2\/posts\/10292\/revisions"}],"predecessor-version":[{"id":10353,"href":"https:\/\/verbo-encarnado-ssvm-abusos.info\/it\/wp-json\/wp\/v2\/posts\/10292\/revisions\/10353"}],"wp:featuredmedia":[{"embeddable":true,"href":"https:\/\/verbo-encarnado-ssvm-abusos.info\/it\/wp-json\/wp\/v2\/media\/10360"}],"wp:attachment":[{"href":"https:\/\/verbo-encarnado-ssvm-abusos.info\/it\/wp-json\/wp\/v2\/media?parent=10292"}],"wp:term":[{"taxonomy":"category","embeddable":true,"href":"https:\/\/verbo-encarnado-ssvm-abusos.info\/it\/wp-json\/wp\/v2\/categories?post=10292"},{"taxonomy":"post_tag","embeddable":true,"href":"https:\/\/verbo-encarnado-ssvm-abusos.info\/it\/wp-json\/wp\/v2\/tags?post=10292"}],"curies":[{"name":"wp","href":"https:\/\/api.w.org\/{rel}","templated":true}]}}