{"id":10295,"date":"2026-09-05T15:43:09","date_gmt":"2026-09-05T15:43:09","guid":{"rendered":"https:\/\/verbo-encarnado-ssvm-abusos.info\/co-zrobiliby-biskupi-bedacy-przyjaciolmi-ive-gdyby-byli-komisarzami\/"},"modified":"2026-09-05T16:53:34","modified_gmt":"2026-09-05T16:53:34","slug":"co-zrobiliby-biskupi-bedacy-przyjaciolmi-ive-gdyby-byli-komisarzami","status":"publish","type":"post","link":"https:\/\/verbo-encarnado-ssvm-abusos.info\/pl\/co-zrobiliby-biskupi-bedacy-przyjaciolmi-ive-gdyby-byli-komisarzami\/","title":{"rendered":"Co zrobiliby biskupi b\u0119d\u0105cy przyjaci\u00f3\u0142mi IVE, gdyby byli komisarzami?"},"content":{"rendered":"\n<p class=\"wp-block-paragraph\">Otrzymali\u015bmy pro\u015bb\u0119 o podpisanie listu skierowanego do papie\u017ca Leona XIV, od cz\u0142onk\u00f3w Trzeciego Zakonu Wcielonego S\u0142owa (zob. tekst na ko\u0144cu tego artyku\u0142u*), prosz\u0105cych Ojca \u015awi\u0119tego, aby zamiast monsignora Satu\u00e9 mianowano w\u0142adze, kt\u00f3re &#8222;odczuwaj\u0105 prawdziw\u0105 mi\u0142o\u015b\u0107&#8221; do Instytutu Wcielonego S\u0142owa. Jego autorzy (kap\u0142ani IVE, bez w\u0105tpienia) zapewniaj\u0105 <strong>ponadto, \u017ce s\u0105 biskupi, kt\u00f3rzy kochaj\u0105 IVE i byliby gotowi obj\u0105\u0107 jego rz\u0105dy.<\/strong> <\/p>\n\n<p class=\"wp-block-paragraph\">Pro\u015bba wydaje si\u0119 rozs\u0105dna. Ale rodzi bardzo konkretne pytanie: Co ci biskupi zrobiliby inaczej? <\/p>\n\n<!--more-->\n\n<p class=\"wp-block-paragraph\">Za\u0142\u00f3\u017cmy, \u017ce kt\u00f3ry\u015b z nich otrzyma\u0142by ten sam mandat co monsignor Satu\u00e9, zna\u0142 te same fakty i obj\u0105\u0142 t\u0119 sam\u0105 odpowiedzialno\u015b\u0107 przed Stolic\u0105 Apostolsk\u0105. Czy utrzyma\u0142by nowicjat\u00f3w otwartymi? Czy zrezygnowa\u0142by z rewizji Konstytucji? Czy natychmiast przywr\u00f3ci\u0142by rz\u0105d wcze\u015bniejszym w\u0142adzom? Czy uzna\u0142by pot\u0119pienia i op\u00f3r wskazywane przez Rzym za bezpodstawne?    <\/p>\n\n<p class=\"wp-block-paragraph\">Dekret <a href=\"https:\/\/www.infocatolica.com\/?cod=51357&amp;t=ic\">papieski<\/a> nie przedstawia komisarza jako zwyk\u0142ego obserwatora. Powierza mu zarz\u0105dzanie Instytutem, rewizj\u0119 w\u0142asnego prawa oraz g\u0142\u0119bok\u0105 reform\u0119. Interwencja nie wydaje si\u0119 mie\u0107 na celu zniszczenia IVE, lecz zapobiegania jego znikni\u0119ciu z powodu jego niezdolno\u015bci do samoreformy, jak ju\u017c wyja\u015bnili\u015bmy w <a href=\"https:\/\/verbo-encarnado-ssvm-abusos.info\/pl\/stolica-apostolska-ustanawia-nowy-rzad-instytutu-slowa-wcielonego\/\">naszym artykule o nowym rz\u0105dzie<\/a>.  <\/p>\n\n<p class=\"wp-block-paragraph\">Gdyby ci przychylni biskupi wykonywali ten sam rozkaz, problemem nie by\u0142by brak sympatii Satu\u00e9. Gdyby post\u0119powali inaczej, trzeba by\u0142oby wyja\u015bni\u0107, na czym dok\u0142adnie polega\u0142a ta r\u00f3\u017cnica i dlaczego by\u0142aby zgodna z decyzjami Rzymu. <\/p>\n\n<p class=\"wp-block-paragraph\">Pytanie nie brzmi, kto kocha IVE bardziej. Komisarz papieski nie jest wysy\u0142any jako przyjaciel ani wr\u00f3g instytutu, lecz by nim zarz\u0105dza\u0142 w imieniu Ko\u015bcio\u0142a. <\/p>\n\n<p class=\"wp-block-paragraph\">Przysz\u0142o\u015b\u0107 IVE nie powinna zale\u017ce\u0107 od rywalizacji mi\u0119dzy &#8222;przyjaci\u00f3\u0142mi&#8221; a &#8222;wrogami&#8221;. Mo\u017cna chcie\u0107 ocali\u0107 Instytut i jednocze\u015bnie domaga\u0107 si\u0119 prawdy, reform i odpowiedzialno\u015bci. <\/p>\n\n<h2 class=\"wp-block-heading\">Bior\u0105c papie\u017ca i cz\u0142onk\u00f3w Trzeciego Zakonu za g\u0142upich<\/h2>\n\n<p class=\"wp-block-paragraph\">Czytaj\u0105c to, mo\u017cna si\u0119 zastanawia\u0107:<\/p>\n\n<ul class=\"wp-block-list\">\n<li>Czy ludzie z IVE naprawd\u0119 uwa\u017caj\u0105, \u017ce papie\u017c nie zna prawdy o IVE?<\/li>\n\n\n\n<li>Czy ludzie z IVE s\u0105 transparentni wobec cz\u0142onk\u00f3w Trzeciego Zakonu w kwestii bardzo powa\u017cnych problem\u00f3w ludzkich, psychiatrycznych, moralnych itd. wielu ksi\u0119\u017cy i zakonnic?<\/li>\n<\/ul>\n\n<p class=\"wp-block-paragraph\">Miejmy nadziej\u0119, \u017ce Satu\u00e9 raz na zawsze uporz\u0105dkuje sytuacj\u0119.<\/p>\n\n<p class=\"wp-block-paragraph\"><\/p>\n\n<hr class=\"wp-block-separator has-alpha-channel-opacity\"\/>\n\n<div class=\"wp-block-columns is-layout-flex wp-container-core-columns-is-layout-794e3cfa wp-block-columns-is-layout-flex\">\n<div class=\"wp-block-column is-layout-flow wp-block-column-is-layout-flow\" style=\"flex-basis:100%\">\n<details class=\"wp-block-details is-layout-flow wp-block-details-is-layout-flow\"><summary>List do papie\u017ca<\/summary>\n<p class=\"wp-block-paragraph\"><em>* <\/em><br\/>Najb\u0142ogos\u0142awioniejszy Ojcze,<\/p>\n\n\n\n<p class=\"wp-block-paragraph\">Pokornie i z szacunkiem zwracamy si\u0119 do Waszej \u015awi\u0105tobliwo\u015bci, jako rodzice, krewni i przyjaciele zakonnik\u00f3w Instytutu Wcielonego S\u0142owa oraz Instytutu S\u0142ug Pana i Matar\u00e1, a tak\u017ce wielu z nas jako cz\u0142onk\u00f3w Trzeciego Zakonu Zakonnego, kt\u00f3ry \u0142\u0105czy oba Instytuty.<\/p>\n\n\n\n<p class=\"wp-block-paragraph\">Pragniemy wyrazi\u0107 Wam nasze g\u0142\u0119bokie i bolesne zaniepokojenie sytuacj\u0105, przez kt\u00f3r\u0105 przechodzi nasze ukochane &#8222;Zgromadzenie&#8221;, bior\u0105c pod uwag\u0119 okoliczno\u015bci, o kt\u00f3rych Wasza \u015awi\u0105tobliwo\u015b\u0107 musi by\u0107 bardzo dobrze \u015bwiadoma.<\/p>\n\n\n\n<p class=\"wp-block-paragraph\">Wielu z nas mia\u0142o tak\u017ce \u0142ask\u0119 pozna\u0107 oba Instytuty od ich fundament\u00f3w. Widzieli\u015bmy, jak ros\u0142y wraz z ub\u00f3stwem i po\u015bwi\u0119ceniami, kt\u00f3re si\u0119 z tym wi\u0105\u017c\u0105.<br\/>Oznacza\u0142o to, ale tak\u017ce \u015bwi\u0119t\u0105 rado\u015b\u0107, z jak\u0105 wszyscy jej cz\u0142onkowie znosili trudno\u015bci tamtych czas\u00f3w ze wzgl\u0119du na niewielkie \u015brodki materialne, jakie mieli do dyspozycji, oraz du\u017c\u0105 liczb\u0119 m\u0142odych ludzi, kt\u00f3rzy przyci\u0105gani kap\u0142a\u0144skim i zakonnym stylem w\u0142a\u015bciwym dla szczeg\u00f3lnego charyzmatu fundacji, zbli\u017cali si\u0119 rok po roku, by w\u0142a\u015bciwie rozpozna\u0107 powo\u0142anie, kt\u00f3re rzekomo do\u015bwiadczali dla tego \u017cycia. <\/p>\n\n\n\n<p class=\"wp-block-paragraph\">Ale przede wszystkim \u017cyli\u015bmy i do\u015bwiadczyli\u015bmy tego tak\u017ce w naszych ukochanych dzieciach, kt\u00f3re dzi\u0119ki \u0142asce Bo\u017cej wybra\u0142y t\u0119 trudn\u0105, lecz b\u0142ogos\u0142awion\u0105 drog\u0119 i swoim \u017cyciem pokaza\u0142y nam swoje szcz\u0119\u015bcie.<\/p>\n\n\n\n<p class=\"wp-block-paragraph\">Nasze ojcowskie serca \u2014 matki znaj\u0105 serca nawet lepiej ni\u017c ojcowie \u2014 nie mog\u0105 by\u0107 zaprzeczy\u0107, gdy widzieli\u015bmy \u015bwi\u0119t\u0105 rado\u015b\u0107, kt\u00f3r\u0105 przekazywa\u0142y, mog\u0105c nie\u015b\u0107 Ewangeli\u0119 tym, kt\u00f3rzy wci\u0105\u017c jej nie znaj\u0105. A to, poza b\u00f3lem roz\u0142\u0105k, kt\u00f3re mia\u0142y miejsce zar\u00f3wno na pocz\u0105tku \u017cycia zakonnego \u2014 Wasza \u015awi\u0105tobliwo\u015b\u0107 z pewno\u015bci\u0105 do\u015bwiadczy\u0142a tego w swojej rodzinie \u2014 jak i gdy wy\u015bwi\u0119cano kap\u0142an\u00f3w lub zakonnice ko\u0144cz\u0105ce studia, wyje\u017cd\u017cali do odleg\u0142ych i cz\u0119sto nieznanych krain. <\/p>\n\n\n\n<p class=\"wp-block-paragraph\">Z pewno\u015bci\u0105 Wasza \u015awi\u0105tobliwo\u015b\u0107 doskonale wie, \u017ce cz\u0119sto znajduj\u0105 si\u0119 w bardzo trudnych miejscach, od Gazy po Papu\u0119, od Chin po Egipt i Tanzani\u0119, od Syrii po Ukrain\u0119, lub, co bywa czasem gorsze i bardziej kusz\u0105ce, w miejscach o niezwykle zaawansowanym post\u0119pie i bogactwie, poniewa\u017c, jak wiemy, zawsze szukali i prosili o najbardziej z\u0142o\u017cone miejsca i te, do kt\u00f3rych niewielu chce si\u0119 uda\u0107.<\/p>\n\n\n\n<p class=\"wp-block-paragraph\">Pi\u0119tnem tej Wsp\u00f3lnoty zakonnej by\u0142a &#8222;Misja&#8221;. Wielkie zadanie realizowane w realizacji nakazu Ewangelii. Jednak w &#8222;Zgromadzeniu&#8221; wiemy, \u017ce to wielkie dzie\u0142o duszpasterskie jest podtrzymywane i jest podtrzymywane nadnaturalnie zar\u00f3wno przez modlitwy tych cz\u0142onk\u00f3w, kt\u00f3rzy szczeg\u00f3lnie poczuli i rozpoznali powo\u0142anie do bardziej wycofanego i kontemplacyjnego \u017cycia w r\u00f3\u017cnych wsp\u00f3lnotach zakonnych, kt\u00f3re r\u00f3wnie\u017c powsta\u0142y, jak i w wykonywaniu dzie\u0142 mi\u0142osierdzia, g\u0142\u00f3wnie wobec najbardziej zniszczonych na ziemi, w tzw. &#8222;Ma\u0142ych Domach&#8221;, gdzie tak wiele dzieci, m\u0142odych i starszych, obu p\u0142ci, bez wzgl\u0119du na ich pochodzenie czy wierzenia, z ich zwi\u0119d\u0142ymi, poranionymi, niepe\u0142nosprawnymi cia\u0142ami i umys\u0142ami, kt\u00f3rych domy znajduj\u0105 si\u0119 w r\u00f3\u017cnych cz\u0119\u015bciach \u015bwiata. A tak\u017ce, czemu nie powiedzie\u0107 tego, z naszymi biednymi, ale cz\u0119stymi i gorliwymi modlitwami tych z nas, kt\u00f3rzy s\u0105 rodzicami i krewnymi tych zakonnych.   <\/p>\n\n\n\n<p class=\"wp-block-paragraph\">To, Ojcze \u015awi\u0119ty, ostatecznie podtrzymuje &#8222;Misj\u0119&#8221;, aby s\u0142owo Pana naszego Jezusa Chrystusa mog\u0142o z mi\u0142o\u015bci\u0105 rozprzestrzenia\u0107 si\u0119 w ka\u017cdym zak\u0105tku \u015bwiata.<\/p>\n\n\n\n<p class=\"wp-block-paragraph\">Niestety, Ojcze \u015awi\u0119ty, zn\u00f3w otrzymujemy plotki o nieporozumieniach, a nawet o odrzuceniu, odrzuceniu i pogardzie dla ca\u0142ej tej pracy, a tak\u017ce ze strony \u2014 potwierdzamy to z wielkim \u017calem \u2014 tych, kt\u00f3rzy zostali wyznaczoni jako &#8222;autorytety&#8221;, by rzekomo &#8222;towarzyszy\u0107&#8221; i &#8222;pomaga\u0107&#8221; naszym ukochanym Instytutom &#8222;doskonali\u0107&#8221; si\u0119 jako takie. Zauwa\u017camy r\u00f3wnie\u017c, \u017ce te odrzucenia i pogarda \u2014 kt\u00f3rych r\u00f3wnie\u017c do\u015bwiadczyli\u015bmy na w\u0142asnej sk\u00f3rze \u2014 w wielu przypadkach opieraj\u0105 si\u0119 na stanowiskach, kt\u00f3re bez w\u0105tpienia maj\u0105 silny ideologiczny \u0142adunek, kt\u00f3rego jako takie nie da si\u0119 obali\u0107. <\/p>\n\n\n\n<p class=\"wp-block-paragraph\">Naszym zdaniem, drogi Ojcze \u015awi\u0119ty, post\u0119p ku doskona\u0142o\u015bci, kt\u00f3rej tak pragnie ca\u0142a Rodzina Zakonna S\u0142owa Wcielonego, w\u0142\u0105cznie z nami, oczywi\u015bcie, zostanie osi\u0105gni\u0119ty z \u0142ask\u0105 Bo\u017c\u0105, przy najlepszym wype\u0142nieniu i utrzymaniu litery ich za\u0142o\u017cycielskich Konstytucji i odpowiednich Dyrektor\u00f3w, czyli poprzez pog\u0142\u0119bienie naszego Charyzmatu.<\/p>\n\n\n\n<p class=\"wp-block-paragraph\">Zmiana tego, jak m\u00f3wi\u0105 te plotki, by\u0142oby jak zmiana istoty obu Instytut\u00f3w. I powo\u0142anie ich cz\u0142onk\u00f3w do \u017cycia zakonnego w nich, zw\u0142aszcza tych, kt\u00f3rzy ju\u017c z\u0142o\u017cyli \u015aluby Wieczyste, kt\u00f3rzy z\u0142o\u017cyli je na podstawie i na mocy tego Charyzmatu. A nawet dla nas, Ojcze \u015awi\u0119ty, jako \u015bwieckich Trzeciego Zakonu, kt\u00f3rzy r\u00f3wnie\u017c poczuli\u015bmy powo\u0142anie do post\u0119pu w \u017cyciu duchowym przez ten Charyzmat.  <\/p>\n\n\n\n<p class=\"wp-block-paragraph\">Wiemy, Wasza \u015awi\u0105tobliwo\u015b\u0107, \u017ce wiele cech naszej Rodziny Zakonnej jest kwestionowanych, kt\u00f3re z kolei zosta\u0142y ju\u017c zatwierdzone przez Ko\u015bci\u00f3\u0142 w tamtym czasie i kt\u00f3re s\u0105 zawarte w Konstytucjach za\u0142o\u017cycielskich.<\/p>\n\n\n\n<p class=\"wp-block-paragraph\">Zosta\u0142o to poddane w w\u0105tpliwo\u015b\u0107, od sposobu przyjmowania powo\u0142ani, przez formacj\u0119, jak\u0105 otrzymuj\u0105 aspiruj\u0105cy do kap\u0142a\u0144stwa; od nawykowego u\u017cywania habitu zakonnego po starann\u0105 liturgi\u0119, kt\u00f3r\u0105 odprawiaj\u0105; od istnienia ni\u017cszych seminari\u00f3w po g\u0142oszenie \u0106wicze\u0144 Duchowych wed\u0142ug metody ignacja\u0144skiej; od rzekomego &#8222;kultu&#8221; Za\u0142o\u017cyciela po fakt, \u017ce pozostaj\u0105 one &#8222;zamkni\u0119te&#8221; w formacji tomistycznej. Te i wiele innych kwestii, kt\u00f3re s\u0105 niemo\u017cliwe do zrozumienia zar\u00f3wno z powodu ich zniekszta\u0142cenia i fa\u0142szu, jak i z powodu ignorancji prawdy, s\u0142yszymy i cierpimy od krytyk\u00f3w, kt\u00f3rzy w rzeczywisto\u015bci nie chc\u0105 pomaga\u0107 ani towarzyszy\u0107, lecz jedynie radykalnie zmienia\u0107 fundamentalny charyzmat lub, w najlepszym przypadku dla niekt\u00f3rych z nich, t\u0142umi\u0107 oblicze ziemi Rodziny Zakonnej IVE. <\/p>\n\n\n\n<p class=\"wp-block-paragraph\">W tym sensie zamkni\u0119cie nowicjat\u00f3w i postulancji na pewien czas oraz wynikaj\u0105ca z tego i godna ubolewania utrata przyj\u0119cia dziesi\u0105tek pocz\u0105tkuj\u0105cych powo\u0142ani\u00f3w<br\/>stanowi\u0142o nieodwracalny cios dla ci\u0105g\u0142o\u015bci obu Instytut\u00f3w.<\/p>\n\n\n\n<p class=\"wp-block-paragraph\">Pytanie, kt\u00f3re pojawia si\u0119 spontanicznie, po zagubieniu i zdumieniu, w kt\u00f3re si\u0119 wci\u0105gamy, brzmi: DLACZEGO?<\/p>\n\n\n\n<p class=\"wp-block-paragraph\">Drogi Ojcze \u015awi\u0119ty, kt\u00f3ry wed\u0142ug tych samych Konstytucji jeste\u015b &#8222;wcielon\u0105 obecno\u015bci\u0105 Prawdy, Woli i \u015awi\u0119to\u015bci Chrystusa&#8221; (nr 12), naszym zamiarem jest gor\u0105co b\u0142aga\u0107 i b\u0142aga\u0107 w tym li\u015bcie, pok\u0142oni\u0107 si\u0119 przed Naszym<br\/>Panie, aby umo\u017cliwi\u0107 kontynuacj\u0119 Kongregacji, do kt\u00f3rej nale\u017cymy wraz z naszymi dzie\u0107mi, ksi\u0119\u017cami i zakonnikami na s\u0142u\u017cbie Ko\u015bcio\u0142a katolickiego, niech ludzie zostan\u0105 powo\u0142ani, by naprawi\u0107, je\u015bli uzna to za konieczne, to, co trzeba poprawi\u0107, ale kontynuuj\u0105c nasz ukochany Charyzmat, ludzie, kt\u00f3rzy opr\u00f3cz tego, \u017ce s\u0105 odpowiedni, odczuwaj\u0105 prawdziw\u0105 mi\u0142o\u015b\u0107 do tej Rodziny Zakonnej i kt\u00f3rzy szczerze i z ca\u0142ego serca pragn\u0105 jej prawdziwej doskona\u0142o\u015bci oraz doskona\u0142o\u015bci wszystkich jej cz\u0142onk\u00f3w w tym samym duchu, w jakim zosta\u0142a za\u0142o\u017cona i kt\u00f3rzy prowadz\u0105 nas, kr\u00f3tko m\u00f3wi\u0105c, do utworzenia naszego w\u0142asnego rz\u0105du.<\/p>\n\n\n\n<p class=\"wp-block-paragraph\">Wiemy konkretnie, \u017ce jest wielu biskup\u00f3w, kt\u00f3rzy naprawd\u0119 kochaj\u0105 nasz\u0105 rodzin\u0119 zakonn\u0105, kt\u00f3rzy ch\u0119tnie i z wielkim zainteresowaniem, uczuciem i rozpa\u0142em podj\u0119liby si\u0119 tego wspania\u0142ego zadania.<\/p>\n\n\n\n<p class=\"wp-block-paragraph\">Proszmy wi\u0119c, Ojcze \u015awi\u0119ty, w nieustannej modlitwie do B\u0142ogos\u0142awionej Maryi Panny w naszym ukochanym tytule Matki Bo\u017cej z Luj\u00e1n, kt\u00f3rej pobo\u017cno\u015b\u0107 nasze Zgromadzenie mog\u0142o przenie\u015b\u0107 do swoich najdalszych misji, by\u015b przyj\u0105\u0142 te pro\u015bby, kt\u00f3re pokornie podnosimy, i przyj\u0105\u0142 oraz zapewni\u0142 je \u017cyczliwie dla dobra naszych rodzin i rodzin.<br\/>\u015awi\u0119tego Ko\u015bcio\u0142a katolickiego. <\/p>\n\n\n\n<p class=\"wp-block-paragraph\">Ci z nas, kt\u00f3rzy zwracaj\u0105 si\u0119 do Waszej \u015awi\u0105tobliwo\u015bci, r\u00f3wnie\u017c prosz\u0105 o Twoje B\u0142ogos\u0142awie\u0144stwo Apostolskie z najg\u0142\u0119bszym szacunkiem i pokor\u0105.<\/p>\n\n\n\n<p class=\"wp-block-paragraph\">Cz\u0142onkowie Trzeciego Zakonu, rodzina i przyjaciele Rodziny Zakonnej Wcielonego S\u0142owa z Albanii, Argentyny, Australii, Boliwii, Brazylii, Kanady, Chile, Chin, Cypru, Dominikany, Ekwadoru, Egiptu, Francji, Niemiec, Grecji, Gwatemali, Gujany, Hondurasu, Iraku, Islandii, Irlandii, Izraela, W\u0142och, Jordanii, Kazachstanu, Litwy, Luksemburga, Meksyku, Nikaragui, Palestyny, Panamy, Papui-Nowej Gwinei, Peru, Paragwaju, Filipin, Portoryko, Rosji, Wysp Salomona, Syrii, Tanzanii, Tad\u017cykistanu, Tunezji, Ukrainy, Stan\u00f3w Zjednoczonych, Urugwaju, Uzbekistanu, Wenezueli.<\/p>\n<\/details>\n<\/div>\n<\/div>\n","protected":false},"excerpt":{"rendered":"<p>Otrzymali\u015bmy pro\u015bb\u0119 o podpisanie listu skierowanego do papie\u017ca Leona XIV, od cz\u0142onk\u00f3w Trzeciego Zakonu Wcielonego S\u0142owa (zob. tekst na ko\u0144cu tego artyku\u0142u*), prosz\u0105cych Ojca \u015awi\u0119tego, aby zamiast monsignora Satu\u00e9 mianowano w\u0142adze, kt\u00f3re &#8222;odczuwaj\u0105 prawdziw\u0105 mi\u0142o\u015b\u0107&#8221; do Instytutu Wcielonego S\u0142owa. Jego autorzy (kap\u0142ani IVE, bez w\u0105tpienia) zapewniaj\u0105 ponadto, \u017ce s\u0105 biskupi, kt\u00f3rzy kochaj\u0105 IVE i byliby [&hellip;]<\/p>\n","protected":false},"author":1,"featured_media":10362,"comment_status":"open","ping_status":"closed","sticky":false,"template":"","format":"standard","meta":{"advanced_seo_description":"","jetpack_seo_html_title":"","jetpack_seo_noindex":false,"jetpack_seo_schema_type":"","_jetpack_newsletter_access":"","_jetpack_dont_email_post_to_subs":false,"_jetpack_newsletter_tier_id":0,"_jetpack_memberships_contains_paywalled_content":false,"_jetpack_feature_clip_id":0,"_jetpack_memberships_contains_paid_content":false,"footnotes":"","jetpack_publicize_message":"","jetpack_publicize_feature_enabled":true,"jetpack_social_post_already_shared":true,"jetpack_social_options":{"image_generator_settings":{"template":"highway","default_image_id":0,"font":"","enabled":false},"version":2},"jetpack_post_was_ever_published":false},"categories":[294,2182],"tags":[313,2254,545],"class_list":["post-10295","post","type-post","status-publish","format-standard","has-post-thumbnail","hentry","category-odbicie","category-papieski-komisarz","tag-manipulacja","tag-satue","tag-trzeci-porzadek"],"jetpack_publicize_connections":[],"jetpack_sharing_enabled":true,"jetpack_likes_enabled":true,"jetpack_featured_media_url":"https:\/\/i0.wp.com\/verbo-encarnado-ssvm-abusos.info\/wp-content\/uploads\/2026\/09\/grok-image-ecc0728f-a339-4db3-b1f5-9ae58cf59047.jpg?fit=1792%2C1008&ssl=1","_links":{"self":[{"href":"https:\/\/verbo-encarnado-ssvm-abusos.info\/pl\/wp-json\/wp\/v2\/posts\/10295","targetHints":{"allow":["GET"]}}],"collection":[{"href":"https:\/\/verbo-encarnado-ssvm-abusos.info\/pl\/wp-json\/wp\/v2\/posts"}],"about":[{"href":"https:\/\/verbo-encarnado-ssvm-abusos.info\/pl\/wp-json\/wp\/v2\/types\/post"}],"author":[{"embeddable":true,"href":"https:\/\/verbo-encarnado-ssvm-abusos.info\/pl\/wp-json\/wp\/v2\/users\/1"}],"replies":[{"embeddable":true,"href":"https:\/\/verbo-encarnado-ssvm-abusos.info\/pl\/wp-json\/wp\/v2\/comments?post=10295"}],"version-history":[{"count":5,"href":"https:\/\/verbo-encarnado-ssvm-abusos.info\/pl\/wp-json\/wp\/v2\/posts\/10295\/revisions"}],"predecessor-version":[{"id":10354,"href":"https:\/\/verbo-encarnado-ssvm-abusos.info\/pl\/wp-json\/wp\/v2\/posts\/10295\/revisions\/10354"}],"wp:featuredmedia":[{"embeddable":true,"href":"https:\/\/verbo-encarnado-ssvm-abusos.info\/pl\/wp-json\/wp\/v2\/media\/10362"}],"wp:attachment":[{"href":"https:\/\/verbo-encarnado-ssvm-abusos.info\/pl\/wp-json\/wp\/v2\/media?parent=10295"}],"wp:term":[{"taxonomy":"category","embeddable":true,"href":"https:\/\/verbo-encarnado-ssvm-abusos.info\/pl\/wp-json\/wp\/v2\/categories?post=10295"},{"taxonomy":"post_tag","embeddable":true,"href":"https:\/\/verbo-encarnado-ssvm-abusos.info\/pl\/wp-json\/wp\/v2\/tags?post=10295"}],"curies":[{"name":"wp","href":"https:\/\/api.w.org\/{rel}","templated":true}]}}