{"id":10298,"date":"2026-09-05T15:43:09","date_gmt":"2026-09-05T15:43:09","guid":{"rendered":"https:\/\/verbo-encarnado-ssvm-abusos.info\/o-que-bispos-amigos-do-ive-fariam-se-fossem-comissarios\/"},"modified":"2026-09-05T16:53:34","modified_gmt":"2026-09-05T16:53:34","slug":"o-que-bispos-amigos-do-ive-fariam-se-fossem-comissarios","status":"publish","type":"post","link":"https:\/\/verbo-encarnado-ssvm-abusos.info\/pt-br\/o-que-bispos-amigos-do-ive-fariam-se-fossem-comissarios\/","title":{"rendered":"O que bispos amigos do IVE fariam se fossem comiss\u00e1rios?"},"content":{"rendered":"\n<p class=\"wp-block-paragraph\">Recebemos um pedido para assinar uma carta dirigida ao Papa Le\u00e3o XIV, por membros da Terceira Ordem da Palavra Encarnada (ver texto ao final deste artigo*), pedindo ao Santo Padre que, em vez de Monsenhor Satu\u00e9, sejam nomeadas autoridades que &#8220;sintam amor verdadeiro&#8221; pelo Instituto da Palavra Encarnada. Seus autores (sacerdotes do IV, sem d\u00favida) asseguram, <strong>al\u00e9m disso, que h\u00e1 bispos que amam o IVE e estariam dispostos a assumir seu governo.<\/strong> <\/p>\n\n<p class=\"wp-block-paragraph\">O pedido parece razo\u00e1vel. Mas levanta uma quest\u00e3o muito concreta: o que esses bispos fariam de diferente? <\/p>\n\n<!--more-->\n\n<p class=\"wp-block-paragraph\">Suponha que um deles recebesse o mesmo mandato que Monsenhor Satu\u00e9, soubesse dos mesmos fatos e assumisse a mesma responsabilidade perante a Santa S\u00e9. Ele manteria os noviciados abertos? Renunciaria \u00e0 revis\u00e3o das Constitui\u00e7\u00f5es? Devolveria imediatamente o governo \u00e0s autoridades anteriores? Consideraria as den\u00fancias e resist\u00eancia apontadas por Roma como infundadas?    <\/p>\n\n<p class=\"wp-block-paragraph\">O <a href=\"https:\/\/www.infocatolica.com\/?cod=51357&amp;t=ic\">decreto pontif\u00edcio<\/a> n\u00e3o apresenta o comiss\u00e1rio como um simples observador. Confia-lhe a governan\u00e7a do Instituto, a revis\u00e3o de sua pr\u00f3pria lei e uma reforma profunda. A interven\u00e7\u00e3o n\u00e3o parece ter como objetivo destruir o IVE, mas impedir que ele desapare\u00e7a devido \u00e0 sua incapacidade de se reformar, como j\u00e1 explicamos em <a href=\"https:\/\/verbo-encarnado-ssvm-abusos.info\/pt-br\/a-santa-se-estabelece-o-novo-governo-do-instituto-da-palavra-encarnada\/\">nosso artigo sobre o novo governo<\/a>.  <\/p>\n\n<p class=\"wp-block-paragraph\">Se esses bispos amig\u00e1veis obedecessem \u00e0 mesma ordem, ent\u00e3o o problema n\u00e3o seria a falta de afeto de Satu\u00e9. Se agissem de outra forma, seria necess\u00e1rio explicar exatamente do que consistiria essa diferen\u00e7a e por que seria compat\u00edvel com as decis\u00f5es de Roma. <\/p>\n\n<p class=\"wp-block-paragraph\">A quest\u00e3o n\u00e3o \u00e9 quem ama mais a IVE. Um comiss\u00e1rio pontif\u00edcio n\u00e3o \u00e9 enviado para ser amigo ou inimigo de um instituto, mas para govern\u00e1-lo em nome da Igreja. <\/p>\n\n<p class=\"wp-block-paragraph\">O futuro do IVE n\u00e3o deve depender de uma competi\u00e7\u00e3o entre &#8220;amigos&#8221; e &#8220;inimigos&#8221;. Pode-se querer salvar o Instituto e, ao mesmo tempo, exigir verdade, reformas e responsabilidade. <\/p>\n\n<h2 class=\"wp-block-heading\">Tomar o Papa e os membros da Terceira Ordem como idiotas<\/h2>\n\n<p class=\"wp-block-paragraph\">Lendo isso, fica a d\u00favida:<\/p>\n\n<ul class=\"wp-block-list\">\n<li>Ser\u00e1 que o povo do IVE realmente acha que o Papa n\u00e3o sabe a verdade sobre o IVE?<\/li>\n\n\n\n<li>O povo da IVE \u00e9 transparente com os membros da Terceira Ordem sobre os problemas muito s\u00e9rios humanos, psiqui\u00e1tricos, morais, etc., de muitos padres e freiras?<\/li>\n<\/ul>\n\n<p class=\"wp-block-paragraph\">Vamos torcer para que Satu\u00e9 coloque a ordem de uma vez por todas.<\/p>\n\n<p class=\"wp-block-paragraph\"><\/p>\n\n<hr class=\"wp-block-separator has-alpha-channel-opacity\"\/>\n\n<div class=\"wp-block-columns is-layout-flex wp-container-core-columns-is-layout-794e3cfa wp-block-columns-is-layout-flex\">\n<div class=\"wp-block-column is-layout-flow wp-block-column-is-layout-flow\" style=\"flex-basis:100%\">\n<details class=\"wp-block-details is-layout-flow wp-block-details-is-layout-flow\"><summary>A Carta ao Papa<\/summary>\n<p class=\"wp-block-paragraph\"><em>* <\/em><br\/>Pai Sant\u00edssimo,<\/p>\n\n\n\n<p class=\"wp-block-paragraph\">Dirigimo-nos humilde e respeitosamente a Vossa Santidade, em nossa qualidade de pais, parentes e amigos de religiosos do Instituto da Palavra Encarnada e do Instituto dos Servos do Senhor e da Virgem de Matar\u00e1, e muitos de n\u00f3s tamb\u00e9m como membros da Terceira Ordem Secular da Fam\u00edlia Religiosa que re\u00fane ambos os Institutos.<\/p>\n\n\n\n<p class=\"wp-block-paragraph\">\u00c9 nosso desejo expressar a Voc\u00eas nossa profunda e dolorosa preocupa\u00e7\u00e3o com a situa\u00e7\u00e3o pela qual nossa amada &#8220;Congrega\u00e7\u00e3o&#8221; est\u00e1 passando, dadas as circunst\u00e2ncias das quais Vossa Santidade deve estar muito ciente.<\/p>\n\n\n\n<p class=\"wp-block-paragraph\">Muitos de n\u00f3s tamb\u00e9m tivemos a gra\u00e7a de conhecer ambos os Institutos desde suas respectivas funda\u00e7\u00f5es. Vimos eles crescerem com a pobreza e os sacrif\u00edcios que isso traz.<br\/>Implicava, mas tamb\u00e9m com a santa alegria com que todos os seus membros suportavam as dificuldades daqueles tempos devido aos poucos meios materiais que tinham \u00e0 disposi\u00e7\u00e3o e ao grande n\u00famero de jovens que, atra\u00eddos pelo estilo sacerdotal e religioso pr\u00f3prio ao carisma particular da funda\u00e7\u00e3o, se aproximavam ano ap\u00f3s ano para discernir adequadamente o chamado que afirmavam experimentar para aquela vida. <\/p>\n\n\n\n<p class=\"wp-block-paragraph\">Mas, acima de tudo, tamb\u00e9m vivemos e conhecemos isso em nossos amados filhos que, pela gra\u00e7a de Deus, seguiram esse caminho \u00e1rduo, por\u00e9m aben\u00e7oado, e com suas vidas nos mostraram sua felicidade.<\/p>\n\n\n\n<p class=\"wp-block-paragraph\">Nossos cora\u00e7\u00f5es paternos \u2014 m\u00e3es conhecem cora\u00e7\u00f5es ainda mais do que pais \u2014 n\u00e3o podem ser negados quando vimos a alegria sagrada que transmitiram ao poder levar o Evangelho \u00e0queles que ainda n\u00e3o o conhecem. E isso, al\u00e9m da dor das separa\u00e7\u00f5es que ocorreram tanto quando come\u00e7aram sua vida religiosa \u2014 Vossa Santidade certamente vivenciou isso em sua pr\u00f3pria fam\u00edlia \u2014 quanto, quando sacerdotes ou freiras ordenados que est\u00e3o terminando seus estudos, partiram para terras distantes e muitas vezes desconhecidas. <\/p>\n\n\n\n<p class=\"wp-block-paragraph\">Certamente, Vossa Santidade sabe muito bem que eles frequentemente est\u00e3o em lugares muito dif\u00edceis, de Gaza a Papua, da China ao Egito e Tanz\u00e2nia, da S\u00edria \u00e0 Ucr\u00e2nia, ou, o que \u00e0s vezes \u00e9 pior e mais tentador, em lugares extremamente avan\u00e7ados em progresso e riqueza, pois, como sabemos, sempre buscaram e solicitaram os lugares mais complexos e aqueles para os quais poucos querem ir.<\/p>\n\n\n\n<p class=\"wp-block-paragraph\">A marca desta Fam\u00edlia Religiosa tem sido a &#8220;Miss\u00e3o&#8221;. Uma grande tarefa realizada em cumprimento ao mandato do Evangelho. No entanto, estamos cientes na &#8220;Congrega\u00e7\u00e3o&#8221; de que essa grande obra pastoral foi sustentada e sustentada sobrenaturalmente tanto pelas ora\u00e7\u00f5es daqueles membros que, em particular, sentiram e discerniram o chamado para uma vida mais retra\u00edda e contemplativa nas v\u00e1rias comunidades mon\u00e1sticas que tamb\u00e9m foram fundadas, quanto no exerc\u00edcio de obras de caridade, principalmente com os mais despojados da terra, nas chamadas &#8220;Pequenas Casas&#8221;, onde tantas crian\u00e7as, jovens e idosos de ambos os sexos, e independentemente de sua origem ou cren\u00e7as, com seus corpos e mentes murchas, laceradas e deficientes, cujas casas ficam em v\u00e1rias partes do mundo. E tamb\u00e9m, por que n\u00e3o dizer isso, com nossas pobres, mas frequentes e fervorosas ora\u00e7\u00f5es daqueles de n\u00f3s que s\u00e3o pais e parentes desses religiosos.   <\/p>\n\n\n\n<p class=\"wp-block-paragraph\">Isso, Santo Padre, \u00e9 o que, em \u00faltima inst\u00e2ncia, sustenta a &#8220;Miss\u00e3o&#8221; para que a palavra de Nosso Senhor Jesus Cristo se espalhe com amor por todos os cantos do mundo.<\/p>\n\n\n\n<p class=\"wp-block-paragraph\">Mas, infelizmente, Santo Padre, mais uma vez recebemos rumores de mal-entendidos, at\u00e9 mesmo de rejei\u00e7\u00e3o, rejei\u00e7\u00e3o e desprezo por todo esse trabalho, e por parte \u2014 afirmamos isso com grande pesar \u2014 daqueles que foram designados como &#8220;autoridades&#8221; para supostamente &#8220;acompanhar&#8221; e &#8220;ajudar&#8221; nossos amados Institutos a se &#8220;aperfei\u00e7oar&#8221; como tal. E tamb\u00e9m notamos que essas rejei\u00e7\u00f5es e desprezo \u2014 que tamb\u00e9m sofremos em nossa pr\u00f3pria carne \u2014 em muitos casos t\u00eam fundamento em posi\u00e7\u00f5es que, sem d\u00favida, t\u00eam uma forte carga ideol\u00f3gica que, como tal, \u00e9 imposs\u00edvel de refutar. <\/p>\n\n\n\n<p class=\"wp-block-paragraph\">Em nossa opini\u00e3o, caro Santo Padre, o avan\u00e7o rumo \u00e0 perfei\u00e7\u00e3o t\u00e3o desejada por toda a Fam\u00edlia Religiosa do Verbo Encarnado, incluindo n\u00f3s, \u00e9 claro, ser\u00e1 alcan\u00e7ado, com a Gra\u00e7a de Deus, com o melhor cumprimento e manuten\u00e7\u00e3o da letra de suas Constitui\u00e7\u00f5es fundadoras e de seus respectivos Diret\u00f3rios, isto \u00e9, com o aprofundamento do nosso Carisma.<\/p>\n\n\n\n<p class=\"wp-block-paragraph\">Mudar isso, como dizem esses rumores, seria como mudar a ess\u00eancia de ambos os Institutos. E a voca\u00e7\u00e3o de seus membros para a vida religiosa neles, especialmente aqueles que j\u00e1 fizeram seus Votos Perp\u00e9tuos que os fizeram com base e em virtude desse Carisma. E mesmo para n\u00f3s, Santo Padre, como leigos da Terceira Ordem, que tamb\u00e9m sentimos o chamado para progredir em nossa vida espiritual por meio desse Carisma.  <\/p>\n\n\n\n<p class=\"wp-block-paragraph\">Sabemos, Vossa Santidade, que muitas caracter\u00edsticas de nossa Fam\u00edlia Religiosa est\u00e3o sendo questionadas, que, por outro lado, j\u00e1 foram aprovadas pela Igreja na \u00e9poca e que est\u00e3o inclu\u00eddas nas Constitui\u00e7\u00f5es fundadoras.<\/p>\n\n\n\n<p class=\"wp-block-paragraph\">Isso foi questionado, desde a forma como as voca\u00e7\u00f5es s\u00e3o recebidas, at\u00e9 a forma\u00e7\u00e3o que os aspirantes ao sacerd\u00f3cio recebem; desde o uso habitual de seu h\u00e1bito religioso at\u00e9 a cuidadosa liturgia que realizam; desde a exist\u00eancia dos Semin\u00e1rios Menores at\u00e9 a prega\u00e7\u00e3o dos Exerc\u00edcios Espirituais segundo o m\u00e9todo inaciano; desde a suposta &#8220;adora\u00e7\u00e3o&#8221; do Fundador at\u00e9 o fato de que permanecem &#8220;fechados&#8221; na forma\u00e7\u00e3o tomista. Essas, e muitas outras quest\u00f5es que s\u00e3o imposs\u00edveis de entender tanto por sua distor\u00e7\u00e3o e falsidade quanto pela ignor\u00e2ncia da verdade, temos ouvido e sofrido dos detratores que, na realidade, n\u00e3o querem ajudar ou acompanhar, mas apenas mudar radicalmente o Carisma fundamental ou, nos melhores casos para alguns deles, a supress\u00e3o da face da terra da Fam\u00edlia Religiosa da IVE. <\/p>\n\n\n\n<p class=\"wp-block-paragraph\">Nesse sentido, o fechamento por um certo per\u00edodo dos noviciados e postulados e a consequente e lament\u00e1vel perda da admiss\u00e3o de dezenas de voca\u00e7\u00f5es incipientes tiveram<br\/>constituiu um golpe irrepar\u00e1vel para a continuidade de ambos os Institutos.<\/p>\n\n\n\n<p class=\"wp-block-paragraph\">A pergunta que surge espontaneamente, ap\u00f3s a perplexidade e o espanto em que somos mergulhados, \u00e9 POR QU\u00ca?<\/p>\n\n\n\n<p class=\"wp-block-paragraph\">Caro Santo Padre, que, segundo essas mesmas Constitui\u00e7\u00f5es, \u00e9 &#8220;a presen\u00e7a encarnadora da Verdade, da Vontade e da Santidade de Cristo&#8221; (n\u00b012), \u00e9 nossa inten\u00e7\u00e3o suplicar e suplicar fervorosamente nesta carta, prostrado diante de Nossa<br\/>Senhor, para permitir a continua\u00e7\u00e3o da Congrega\u00e7\u00e3o \u00e0 qual pertencemos junto com nossos filhos, padres e religiosos a servi\u00e7o da Igreja Cat\u00f3lica, que pessoas sejam nomeadas para corrigir, se considerado necess\u00e1rio, o que precisa ser corrigido, mas continuando com nosso amado Carisma, pessoas que, al\u00e9m de serem adequadas, tamb\u00e9m sintam um verdadeiro amor por esta Fam\u00edlia Religiosa e que, sincera e de todo cora\u00e7\u00e3o, desejam sua verdadeira perfei\u00e7\u00e3o e a de todos os seus membros no mesmo esp\u00edrito em que foi fundada e que nos conduzem, em resumo, \u00e0 forma\u00e7\u00e3o do nosso pr\u00f3prio governo.<\/p>\n\n\n\n<p class=\"wp-block-paragraph\">Sabemos concretamente que h\u00e1 muitos bispos que realmente amam nossa fam\u00edlia religiosa, que estariam dispostos e com grande interesse, afeto e dile\u00e7\u00e3o a assumir essa magn\u00edfica tarefa.<\/p>\n\n\n\n<p class=\"wp-block-paragraph\">Suplicamos, portanto, Santo Padre, em ora\u00e7\u00e3o cont\u00ednua \u00e0 Bem-Aventurada Virgem Maria em nosso amado t\u00edtulo de Nossa Senhora de Luj\u00e1n, e cuja devo\u00e7\u00e3o nossa Congrega\u00e7\u00e3o p\u00f4de levar \u00e0s suas miss\u00f5es mais distantes, que receba estas peti\u00e7\u00f5es que humildemente lhe elevamos, e que as aceite e providencie benevolentemente para o bem de nossas fam\u00edlias e fam\u00edlias.<br\/>a da Santa Igreja Cat\u00f3lica. <\/p>\n\n\n\n<p class=\"wp-block-paragraph\">Aqueles de n\u00f3s que assim se dirigem a Vossa Santidade tamb\u00e9m imploramos Sua B\u00ean\u00e7\u00e3o Apost\u00f3lica com o mais profundo respeito e humildade.<\/p>\n\n\n\n<p class=\"wp-block-paragraph\">Membros da Terceira Ordem, familiares e amigos da Fam\u00edlia Religiosa do Verbo Encarnado da Alb\u00e2nia, Argentina, Austr\u00e1lia, Bol\u00edvia, Brasil, Canad\u00e1, Chile, China, Chipre, Rep\u00fablica Dominicana, Equador, Egito, Fran\u00e7a, Alemanha, Gr\u00e9cia, Guatemala, Guiana, Honduras, Iraque, Isl\u00e2ndia, Irlanda, Israel, It\u00e1lia, Jord\u00e2nia, Cazaquist\u00e3o, Litu\u00e2nia, Luxemburgo, M\u00e9xico, Nicar\u00e1gua, Palestina, Panam\u00e1, Papua Nova Guin\u00e9, Peru, Paraguai, Filipinas, Porto Rico, R\u00fassia, Ilhas Salom\u00e3o, S\u00edria, Tanz\u00e2nia, Tajiquist\u00e3o, Tun\u00edsia, Ucr\u00e2nia, Estados Unidos, Uruguai, Uzbequist\u00e3o, Venezuela.<\/p>\n<\/details>\n<\/div>\n<\/div>\n","protected":false},"excerpt":{"rendered":"<p>Recebemos um pedido para assinar uma carta dirigida ao Papa Le\u00e3o XIV, por membros da Terceira Ordem da Palavra Encarnada (ver texto ao final deste artigo*), pedindo ao Santo Padre que, em vez de Monsenhor Satu\u00e9, sejam nomeadas autoridades que &#8220;sintam amor verdadeiro&#8221; pelo Instituto da Palavra Encarnada. Seus autores (sacerdotes do IV, sem d\u00favida) [&hellip;]<\/p>\n","protected":false},"author":1,"featured_media":10363,"comment_status":"open","ping_status":"closed","sticky":false,"template":"","format":"standard","meta":{"advanced_seo_description":"","jetpack_seo_html_title":"","jetpack_seo_noindex":false,"jetpack_seo_schema_type":"","_jetpack_newsletter_access":"","_jetpack_dont_email_post_to_subs":false,"_jetpack_newsletter_tier_id":0,"_jetpack_memberships_contains_paywalled_content":false,"_jetpack_feature_clip_id":0,"_jetpack_memberships_contains_paid_content":false,"footnotes":"","jetpack_publicize_message":"","jetpack_publicize_feature_enabled":true,"jetpack_social_post_already_shared":true,"jetpack_social_options":{"image_generator_settings":{"template":"highway","default_image_id":0,"font":"","enabled":false},"version":2},"jetpack_post_was_ever_published":false},"categories":[2083,70],"tags":[311,543,2255],"class_list":["post-10298","post","type-post","status-publish","format-standard","has-post-thumbnail","hentry","category-comissario-pontificio","category-reflexao","tag-manipulacao","tag-ordem-terceira","tag-satue"],"jetpack_publicize_connections":[],"jetpack_sharing_enabled":true,"jetpack_likes_enabled":true,"jetpack_featured_media_url":"https:\/\/i0.wp.com\/verbo-encarnado-ssvm-abusos.info\/wp-content\/uploads\/2026\/09\/grok-image-ecc0728f-a339-4db3-b1f5-9ae58cf59047.jpg?fit=1792%2C1008&ssl=1","_links":{"self":[{"href":"https:\/\/verbo-encarnado-ssvm-abusos.info\/pt-br\/wp-json\/wp\/v2\/posts\/10298","targetHints":{"allow":["GET"]}}],"collection":[{"href":"https:\/\/verbo-encarnado-ssvm-abusos.info\/pt-br\/wp-json\/wp\/v2\/posts"}],"about":[{"href":"https:\/\/verbo-encarnado-ssvm-abusos.info\/pt-br\/wp-json\/wp\/v2\/types\/post"}],"author":[{"embeddable":true,"href":"https:\/\/verbo-encarnado-ssvm-abusos.info\/pt-br\/wp-json\/wp\/v2\/users\/1"}],"replies":[{"embeddable":true,"href":"https:\/\/verbo-encarnado-ssvm-abusos.info\/pt-br\/wp-json\/wp\/v2\/comments?post=10298"}],"version-history":[{"count":5,"href":"https:\/\/verbo-encarnado-ssvm-abusos.info\/pt-br\/wp-json\/wp\/v2\/posts\/10298\/revisions"}],"predecessor-version":[{"id":10355,"href":"https:\/\/verbo-encarnado-ssvm-abusos.info\/pt-br\/wp-json\/wp\/v2\/posts\/10298\/revisions\/10355"}],"wp:featuredmedia":[{"embeddable":true,"href":"https:\/\/verbo-encarnado-ssvm-abusos.info\/pt-br\/wp-json\/wp\/v2\/media\/10363"}],"wp:attachment":[{"href":"https:\/\/verbo-encarnado-ssvm-abusos.info\/pt-br\/wp-json\/wp\/v2\/media?parent=10298"}],"wp:term":[{"taxonomy":"category","embeddable":true,"href":"https:\/\/verbo-encarnado-ssvm-abusos.info\/pt-br\/wp-json\/wp\/v2\/categories?post=10298"},{"taxonomy":"post_tag","embeddable":true,"href":"https:\/\/verbo-encarnado-ssvm-abusos.info\/pt-br\/wp-json\/wp\/v2\/tags?post=10298"}],"curies":[{"name":"wp","href":"https:\/\/api.w.org\/{rel}","templated":true}]}}