{"id":2070,"date":"2024-02-26T09:16:45","date_gmt":"2024-02-26T09:16:45","guid":{"rendered":"https:\/\/verbo-encarnado-ssvm-abusos.info\/a-irma-guadalupe-finalmente-anuncia-sua-saida-definitiva-da-ssvm\/"},"modified":"2024-03-29T19:28:06","modified_gmt":"2024-03-29T19:28:06","slug":"a-irma-guadalupe-finalmente-anuncia-sua-saida-definitiva-da-ssvm","status":"publish","type":"post","link":"https:\/\/verbo-encarnado-ssvm-abusos.info\/pt-br\/a-irma-guadalupe-finalmente-anuncia-sua-saida-definitiva-da-ssvm\/","title":{"rendered":"Finalmente a irm\u00e3 Guadalupe anuncia sua sa\u00edda definitiva das SSVM"},"content":{"rendered":"\n<p>Em suas redes oficiais, a irm\u00e3 Guadalupe (nome de leiga Ximena Rodrigo) anunciou em um comunicado que o Instituto Servidoras do Senhor e da Virgem de Matar\u00e1 n\u00e3o renovou seu pedido de exclaustra\u00e7\u00e3o por mais tr\u00eas anos, como fez ao fundar sua nova comunidade. <\/p>\n\n<p>Diante dessa situa\u00e7\u00e3o, ela teve que tomar uma decis\u00e3o: voltar para as Servidoras ou pedir a revoga\u00e7\u00e3o de seus votos, o que significaria sua sa\u00edda definitiva da Congrega\u00e7\u00e3o.<\/p>\n\n<p>Optou, por tanto, abandonar as Servidoras. Assinou seu pedido de sa\u00edda no dia 10 de fevereiro de 2024 para continuar com seu projeto religioso: &#8220;Os Nazarenos&#8221;. Ahora seu estado can\u00f4nico depender\u00e1 da permiss\u00e3o do bispo ou do patriarca &#8211; devido ao seu relacionamento com o Patriarcado S\u00edrio &#8211; para usar um h\u00e1bito. Seus votos foram suspensos o que significa que agora seu estado \u00e9 totalmente laical, embora, provavelmente mantenha seus votos de modo privado, e de repente <\/p>\n\n<p>utilize um h\u00e1bito de sua pr\u00f3pria cria\u00e7\u00e3o.<\/p>\n\n<h2 class=\"wp-block-heading\">Mas quem \u00e9 a irm\u00e3 Guadalupe?<\/h2>\n\n<div class=\"wp-block-media-text is-stacked-on-mobile\"><figure class=\"wp-block-media-text__media\"><img data-recalc-dims=\"1\" loading=\"lazy\" decoding=\"async\" width=\"290\" height=\"310\" src=\"https:\/\/i0.wp.com\/verbo-encarnado-ssvm-abusos.info\/wp-content\/uploads\/2024\/02\/Picture1-3.jpg?resize=290%2C310&#038;ssl=1\" alt=\"\" class=\"wp-image-2044 size-full\" srcset=\"https:\/\/i0.wp.com\/verbo-encarnado-ssvm-abusos.info\/wp-content\/uploads\/2024\/02\/Picture1-3.jpg?w=290&amp;ssl=1 290w, https:\/\/i0.wp.com\/verbo-encarnado-ssvm-abusos.info\/wp-content\/uploads\/2024\/02\/Picture1-3.jpg?resize=281%2C300&amp;ssl=1 281w\" sizes=\"auto, (max-width: 290px) 100vw, 290px\" \/><\/figure><div class=\"wp-block-media-text__content\">\n<p>A irm\u00e3 Guadalupe tinha mais de 30 anos de vida religiosa nas Servidoras e grande parte da sua vida mission\u00e1ria foi vivida no Oriente M\u00e9dio. Foi superiora provincial das SSVM para as miss\u00f5es do Oriente M\u00e9dio durante 12 anos, juntamente com o Pe. Luis Montes IVE, tamb\u00e9m superior provincial. Juntos orientaram os religiosos e os superiores das comunidades do Oriente M\u00e9dio.<\/p>\n<\/div><\/div>\n\n<p>Infelizmente, nesses 12 anos em que a irm\u00e3 Guadalupe foi superiora provincial n\u00e3o deixou boas lembran\u00e7as nas religiosas que estiveram sob sua responsabilidade. Apesar de seu temperamento jovial e da sua boa orat\u00f3ria, durante seu per\u00edodo mais de 15 irm\u00e3s deixaram a vida religiosa. Muitas delas relataram que haviam contado a ent\u00e3o Superiora Geral, Madre Maria Anima Christi, o que ocorria, como por exemplo:<\/p>\n\n<div class=\"wp-block-media-text is-stacked-on-mobile\"><figure class=\"wp-block-media-text__media\"><img data-recalc-dims=\"1\" loading=\"lazy\" decoding=\"async\" width=\"255\" height=\"351\" src=\"https:\/\/i0.wp.com\/verbo-encarnado-ssvm-abusos.info\/wp-content\/uploads\/2024\/02\/Picture3-1.jpg?resize=255%2C351&#038;ssl=1\" alt=\"\" class=\"wp-image-2046 size-full\" srcset=\"https:\/\/i0.wp.com\/verbo-encarnado-ssvm-abusos.info\/wp-content\/uploads\/2024\/02\/Picture3-1.jpg?w=255&amp;ssl=1 255w, https:\/\/i0.wp.com\/verbo-encarnado-ssvm-abusos.info\/wp-content\/uploads\/2024\/02\/Picture3-1.jpg?resize=218%2C300&amp;ssl=1 218w\" sizes=\"auto, (max-width: 255px) 100vw, 255px\" \/><\/figure><div class=\"wp-block-media-text__content\">\n<p>1) O comportamento question\u00e1vel e a rela\u00e7\u00e3o escandalosa com o padre Luis Montes, IVE.<\/p>\n\n\n\n<p>2) As doa\u00e7\u00f5es recebidas de todo o mundo para os lares que tinham a cargo. e os desvios para gastos fr\u00edvolos. Uma pr\u00e1tica que ser\u00e1 detalhada mais adiante.<\/p>\n\n\n\n<p>3) Sua conduta, marcada por frequentes viagens com esse padre que revelou uma not\u00e1vel neglig\u00eancia com as religiosas e as comunidades sob sua responsabilidade.<\/p>\n<\/div><\/div>\n\n<p>In\u00fameros testemunhos de religiosas que viveram na mesma miss\u00e3o levantaram sua voz \u00e0 Roma, descrevendo como essa superiora fazia longas viagens na companhia do padre ou alugava apartamento com o pretexto de preparar reuni\u00f5es de Cap\u00edtulo, desaparecendo juntos. Contavam como esse padre exercia dom\u00ednio dentro das comunidades, participando nas conviv\u00eancias com as religiosas e incentivando-as a beber \u00e1lcool, fumar e at\u00e9 mesmo a se vestir de forma inadequada nas praias para passarem despercebidas, &#8220;dada a tens\u00e3o da guerra&#8221;, dizia.<\/p>\n\n<p>Algumas freiras chegaram a flagr\u00e1-los juntos, testemunhando demonstra\u00e7\u00f5es de afeto entre eles, o que escandalizou a mais de uma. Isso causou tristeza entre as irm\u00e3s, que esperavam que Roma tomasse provid\u00eancias, mas foram orientadas a esperar pela pr\u00f3xima visita da madre geral \u00e0 prov\u00edncia.<\/p>\n\n<p>Em v\u00e1rias ocasi\u00f5es tamb\u00e9m presenciaram como Guadalupe acostumava a fazer runi\u00f5es e dire\u00e7\u00e3o espiritual com o padre em seu quarto. Diante das crescentes queixas foi decidido que Guadalupe levasse uma novi\u00e7a \u00e1rabe como companheira, que, embora n\u00e3o entendesse bem o espanhol, percebeu os gestos de proximidade, as car\u00edcias e o fato de estarem sozinhos no quarto, um comportamento impr\u00f3prio para os superiores.<\/p>\n\n<p>Em meio ao conflito e \u00e0 crise no Oriente M\u00e9dio, essa prov\u00edncia das SSVM se destacou por receber ajudas financeiras consider\u00e1veis dos Estados Unidos, da It\u00e1lia etc. As irm\u00e3s de outras comunidades foram instadas a doar parte de seus sal\u00e1rios ou a praticar austeridade para ajudar essas miss\u00f5es consideradas mais necessitadas. Entretanto, apesar da taxa de c\u00e2mbio favor\u00e1vel do d\u00f3lar e da conclus\u00e3o de algumas constru\u00e7\u00f5es, houve pouca melhora na constru\u00e7\u00e3o dos lares e na alimenta\u00e7\u00e3o das fam\u00edlias e das crian\u00e7as.<\/p>\n\n<p>N\u00e3o obstante, se gastava com aluguel de casas luxuosas para as f\u00e9rias das irm\u00e3s nas praias de A Dahab e Sharm El Sheik, com compras de u\u00edsques caros, cigarros e roupas especiais para n\u00e3o chamar a aten\u00e7\u00e3o, para evitar chocar as pessoas.<\/p>\n\n<div class=\"wp-block-media-text is-stacked-on-mobile\"><figure class=\"wp-block-media-text__media\"><img data-recalc-dims=\"1\" loading=\"lazy\" decoding=\"async\" width=\"297\" height=\"360\" src=\"https:\/\/i0.wp.com\/verbo-encarnado-ssvm-abusos.info\/wp-content\/uploads\/2024\/02\/Picture6.jpg?resize=297%2C360&#038;ssl=1\" alt=\"\" class=\"wp-image-2052 size-full\" srcset=\"https:\/\/i0.wp.com\/verbo-encarnado-ssvm-abusos.info\/wp-content\/uploads\/2024\/02\/Picture6.jpg?w=297&amp;ssl=1 297w, https:\/\/i0.wp.com\/verbo-encarnado-ssvm-abusos.info\/wp-content\/uploads\/2024\/02\/Picture6.jpg?resize=248%2C300&amp;ssl=1 248w\" sizes=\"auto, (max-width: 297px) 100vw, 297px\" \/><\/figure><div class=\"wp-block-media-text__content\">\n<p>Esse modo de vida estava se tornando cada vez mais vis\u00edvel, a pr\u00f3pria Guadalupe contou durante suas visitas \u00e0 Argentina quando explicava sobre sus miss\u00e3o. <\/p>\n\n\n\n<p>Destacava que nas comunidades do Oriente M\u00e9dio havia uma vida religiosa mais fraterna, sem as diferen\u00e7as com\u00fans presentes em outras Congrega\u00e7\u00f5es.<\/p>\n<\/div><\/div>\n\n<p>por tanto, compartilhavam quase todas as atividades juntos, com o fim de elevar o \u00e2nimo entre os religiosos, dada a tens\u00e3o da guerra. No entanto, pouco a pouco essa situa\u00e7\u00e3o foi saindo do controle e a partir da\u00ed come\u00e7aram a surgir as queixas por parte das religiosas<\/p>\n\n<p>A quantidade de gastos tamb\u00e9m come\u00e7ou a levantar suspeitas no mundo \u00e1rabe com respeito as doa\u00e7\u00f5es, um artigo foi publicado questionando a origem desses fundos.<\/p>\n\n<p>Por otro lado, muitas religiosas daquela \u00e9poca adoeceram de depress\u00e3o e sentimentos de profunda solid\u00e3o, quando ousaram falar sobre o que viram, mas foram ignoradas e at\u00e9 levadas a acreditar que estavam enlouquecendo ou sofrendo de estresse devido \u00e0 situa\u00e7\u00e3o de conflito.<\/p>\n\n<p>Mas finalmente, devido a in\u00fameras reclama\u00e7\u00f5es, a irm\u00e3 Guadalupe foi removida de seu cargo de superiora provincial e enviada para a S\u00edria, para uma pequena comunidade com apenas tr\u00eas religiosas. A partir de ent\u00e3o, sofrendo com a situa\u00e7\u00e3o na S\u00edria, sua figura tornou-se notavelmente p\u00fablica, atraindo a aten\u00e7\u00e3o da m\u00eddia internacional. Come\u00e7ou a viajar pelo mundo dando palestras sobre a guerra e sobre os m\u00e1rtires, acompanhada na maioria das vezes pelo seu mentor, o padre Luis Montes.<\/p>\n\n<div class=\"wp-block-media-text is-stacked-on-mobile\" style=\"grid-template-columns:42% auto\"><figure class=\"wp-block-media-text__media\"><img data-recalc-dims=\"1\" loading=\"lazy\" decoding=\"async\" width=\"248\" height=\"261\" src=\"https:\/\/i0.wp.com\/verbo-encarnado-ssvm-abusos.info\/wp-content\/uploads\/2024\/02\/Picture5-1.jpg?resize=248%2C261&#038;ssl=1\" alt=\"\" class=\"wp-image-2058 size-full\"\/><\/figure><div class=\"wp-block-media-text__content\">\n<p>De Hong Kong \u00e0 Am\u00e9rica do Sul, viajavam pelo mundo dando palestras sobre a guerra e seus impactos. Sua crescente notoriedade n\u00e3o apenas atraiu doa\u00e7\u00f5es, mas tamb\u00e9m despertou voca\u00e7\u00f5es. <\/p>\n\n\n\n<p>As SSVM no incio apoiava, apesar das cr\u00edticas, e at\u00e9 um certo ponto,o seu trabalho de evangeliza\u00e7\u00e3o, fazendo &#8220;a vista gorda&#8221;, repetindo aquilo que dizem <em>&#8220;se h\u00e1 frutos, s\u00e3o de Deus&#8221;<\/em>. <\/p>\n<\/div><\/div>\n\n<p>Ambos Institutos reconheceram que os frutos desse trabalho, como as doa\u00e7\u00f5es e o reconhecimento das SSVM pela m\u00eddia, era uma prova da vontade de Deus e, portanto, era algo que deveria ser incentivado.<\/p>\n\n<p>Por\u00e9m, tudo isso chegou a um ponto em que as mesmas superioras j\u00e1 n\u00e3o sabiam como controlar esses &#8220;frutos&#8221;, o que marcou uma mudan\u00e7a radical.<\/p>\n\n<h2 class=\"wp-block-heading\">O que as SSVM e o IVE fizeram diante dessa situa\u00e7\u00e3o?<\/h2>\n\n<p>Embora as SSVM tenham inicialmente incentivado e apoiado as muitas viagens e palestras da Irm\u00e3 Guadalupe, come\u00e7aram a ver como estava gradualmente trilhando seu caminho por conta pr\u00f3pria e tornava-se cada vez mais dif\u00edcil encontrar uma irm\u00e3 dispon\u00edvel para acompanh\u00e1-la nas longas viagens, e com o n\u00famero de freiras professas que estavam deixando as SSVM, isso se tornou um problema.<\/p>\n\n<p>At\u00e9 que uma superiora tentou controlar suas viagens e ajustar seu comportamento, foi ent\u00e3o que Guadalupe entrou em contato diretamente com a Superiora Geral e apresentou suas queixas e a decis\u00e3o de fundar um Movimento religioso, logo depois solicitou uma exclaustra\u00e7\u00e3o tempor\u00e1ria de tr\u00eas anos.<\/p>\n\n<p><\/p>\n\n<figure class=\"wp-block-image aligncenter size-full\"><img data-recalc-dims=\"1\" loading=\"lazy\" decoding=\"async\" width=\"381\" height=\"322\" src=\"https:\/\/i0.wp.com\/verbo-encarnado-ssvm-abusos.info\/wp-content\/uploads\/2024\/02\/Picture8.jpg?resize=381%2C322&#038;ssl=1\" alt=\"\" class=\"wp-image-2056\" srcset=\"https:\/\/i0.wp.com\/verbo-encarnado-ssvm-abusos.info\/wp-content\/uploads\/2024\/02\/Picture8.jpg?w=381&amp;ssl=1 381w, https:\/\/i0.wp.com\/verbo-encarnado-ssvm-abusos.info\/wp-content\/uploads\/2024\/02\/Picture8.jpg?resize=300%2C254&amp;ssl=1 300w\" sizes=\"auto, (max-width: 381px) 100vw, 381px\" \/><\/figure>\n\n<p>Enquanto isso, o IVE reagiu como de costume. Por meio de algumas figuras proeminentes para as SSVM, como os padres Gabriel Zapata, Fernando Vicchy e Pablo Rossi, que antes a elogiavam como exemplo, passaram a desqualific\u00e1-la. <\/p>\n\n<p>Esse comportamento \u00e9 comum no Instituto, usando as informa\u00e7\u00f5es da dire\u00e7\u00e3o espiritual como um meio de enfraquecer os membros e julgar aqueles que pensam de forma diferente ou tentam sair do Instituto.<\/p>\n\n<p>Embora nem todos os sacerdotes ajam dessa forma, v\u00e1rios se aproveitam de tais situa\u00e7\u00f5es com aqueles que n\u00e3o compartilham mais as mesmas ideias, sem ousar confront\u00e1-los de frente ou contar toda a hist\u00f3ria, seguindo assim o exemplo do fundador. Sentem a necessidade de desacreditar aqueles que tentam deixar o instituto, mas, nesse caso, por se tratar de uma figura p\u00fablica, tiveram que ser cuidadosos e garantir que tudo estivesse em ordem e que todos estivessem de acordo com a decis\u00e3o de Guadalupe.<\/p>\n\n<p><\/p>\n\n<div class=\"wp-block-media-text is-stacked-on-mobile\"><figure class=\"wp-block-media-text__media\"><img data-recalc-dims=\"1\" loading=\"lazy\" decoding=\"async\" width=\"305\" height=\"242\" src=\"https:\/\/i0.wp.com\/verbo-encarnado-ssvm-abusos.info\/wp-content\/uploads\/2024\/02\/Picture4-1.jpg?resize=305%2C242&#038;ssl=1\" alt=\"\" class=\"wp-image-2060 size-full\" srcset=\"https:\/\/i0.wp.com\/verbo-encarnado-ssvm-abusos.info\/wp-content\/uploads\/2024\/02\/Picture4-1.jpg?w=305&amp;ssl=1 305w, https:\/\/i0.wp.com\/verbo-encarnado-ssvm-abusos.info\/wp-content\/uploads\/2024\/02\/Picture4-1.jpg?resize=300%2C238&amp;ssl=1 300w\" sizes=\"auto, (max-width: 305px) 100vw, 305px\" \/><\/figure><div class=\"wp-block-media-text__content\">\n<p>Por exemplo, o mesmo Padre Gabriel Zapata, comentava \u00e0s suas dirigidas que a Irm\u00e3 que Guadalupe tinha problemas afetivos, insinuando que n\u00e3o era confi\u00e1vel e que estava se afastando do carisma, <\/p>\n<\/div><\/div>\n\n<p>sem embargo, ele mesmo chegou a cumpriment\u00e1-la em p\u00fablico convidando-a a impartir palestras tamb\u00e9m aos seminaristas. Esse comportamento dos superiores causava confus\u00e3o, pois internamente semeava desconfian\u00e7as, mas externamente n\u00e3o confrontava a pessoa diretamente.<\/p>\n\n<h2 class=\"wp-block-heading\">Guadalupe e seu novo h\u00e1bito<\/h2>\n\n<p>A irm\u00e3 Guadalupe optou por viver de forma independente, tornando-se sua pr\u00f3pria superiora e organizando uma nova comunidade. Solicitou uma exclaustra\u00e7\u00e3o por tr\u00eas anos para explorar essa nova experi\u00eancia com os leigos. Isso a liberou da supervis\u00e3o das SSVM, embora ela continuasse a se apresentar como freira da Congrega\u00e7\u00e3o devido \u00e0 sua exclaustra\u00e7\u00e3o.<\/p>\n\n<p>Decidiu adotar tamb\u00e9m um novo h\u00e1bito, seguindo o conselho inicial do fundador, o falecido Padre Carlos Miguel Buela, de que o h\u00e1bito deveria ser vermelho em homenagem aos m\u00e1rtires. Guadalupe decidiu usar o mesmo modelo de h\u00e1bito, mudando o escapul\u00e1rio e o v\u00e9u para vermelho. seus seguidores leigos adotaram um manto vermelho, simbolizando a presen\u00e7a dos m\u00e1rtires em sua comunidade.<\/p>\n\n<p>Nessa nova aventura, ela foi acompanhado pelo padre Luis Montes, IVE, que se tornou o conselheiro espiritual da comunidade &#8220;Os Nazarenos&#8221;. Juntos, viajaram por diversos pa\u00edses do mundo dando palestras sobre o Oriente M\u00e9dio.<\/p>\n\n<p>E em vista dessa situa\u00e7\u00e3o, a Superiora Geral enviou um e-mail a todas as superioras para esclarecer que a iniciativa &#8220;Os Nazarenos&#8221; da irm\u00e3 Guadalupe n\u00e3o era uma obra apoiada pela Congrega\u00e7\u00e3o, que oraram por ela, mas seu projeto n\u00e3o estava relacionado ao Instituto, encerrando assim qualquer d\u00favida a respeito. Embora Guadalupe afirmasse que as SSVM a incentivava nesse novo caminho, a realidade interna era diferente, e suas a\u00e7\u00f5es foram vistas como uma trai\u00e7\u00e3o ao Instituto.<\/p>\n\n<p>Agora finalizado seus tr\u00eas anos como freira exclaustrada, solicitou outra licen\u00e7a por mais tr\u00eas anos \u00e0s SSVM, mas a resposta foi clara: tinha que escolher entre regressar definitivamente ou renunciar aos votos. Guadalupe optou pela ren\u00fancia, anunciando p\u00fablicamente sua sa\u00edda definitiva do Instituto.<\/p>\n\n<p>Apesar das decis\u00f5es de Guadalupe, o Instituto nunca se responsabilizou pelas queixas das irm\u00e3s que viveram baixo seu governo anteriormente. Essas irm\u00e3s depois que sa\u00edram, tamb\u00e9m testemunharam os acontecimentos, mas foram silenciadas, o que apagou qualquer evid\u00eancia do que realmente aconteceu durante aqueles anos de press\u00e3o mission\u00e1ria, esc\u00e2ndalos e doen\u00e7as entre as religiosas professas perp\u00e9tuas.<\/p>\n\n<p>Al\u00e9m das reclama\u00e7\u00f5es sobre sua vida dupla e seu discurso, houve cr\u00edticas \u00e0 sua pr\u00e1tica de dar h\u00e1bitos a jovens \u00e1rabes de forma precipitada, o que gerou v\u00e1rios problemas nas comunidades quando essas pessoas come\u00e7aram a abandonar pouco tempo depois.<\/p>\n\n<p>Em suma, Guadalupe foi um dos primeiros frutos do IVE, do qual no inicio todos se orgulhavam, mas que depois pouco a pouco foi esquecida, agora<\/p>\n\n<p>o foco est\u00e1 em outras jovens voca\u00e7\u00f5es e no eterno ciclo de manipula\u00e7\u00e3o e destrui\u00e7\u00e3o que se segue.<\/p>\n\n<p><strong>Quando por fim deixar\u00e3o de destruir voca\u00e7\u00f5es?<\/strong><\/p>\n\n<p><strong>Ser\u00e1 que a verdade algum dia ser\u00e1 defendida?<\/strong><\/p>\n\n<p class=\"has-custom-lineheight has-custom-letterspacing\" style=\"line-height:2;letter-spacing:1px;font-size:20px\"><strong>N\u00e3o est\u00e1 na hora de a Santa S\u00e9 proibir a entrada nessas duas congrega\u00e7\u00f5es de uma s\u00f3 vez, simplesmente em espeito m\u00ednimo devido a qualquer ser humano?<\/strong><\/p>\n\n<p><\/p>\n\n<div class=\"wp-block-group has-tertiary-background-color has-background has-medium-font-size has-global-padding is-layout-constrained wp-block-group-is-layout-constrained\">\n<h2 class=\"wp-block-heading\">Comunicado da Irm\u00e3 Guadalupe<\/h2>\n\n\n\n<p>Prezados todos: Terminada a licen\u00e7a de tr\u00eas anos que, aconselhada por minhas superioras, que solicitei ao meu Instituto para acompanhar a experi\u00eancia nascente do movimento Nazarenos, pedi uma prorroga\u00e7\u00e3o. Mas minhas superioras consideram que chegou a hora de tomar a decis\u00e3o de seguir um caminho ou outro.<\/p>\n\n\n\n<p>Depois de rezar, decidi abra\u00e7ar totalmente esse carisma para o qual me sinto chamada por Deus, como Mensageira Nazarena.<\/p>\n\n\n\n<p>\u00c9 por isso que no dia 12 de dezembro &#8211; festa de Nossa Senhora de Guadalupe &#8211; pedi formalmente deixar meu amado Instituto, como algu\u00e9m que deixa a casa paterna em l\u00e1grimas, mas ao mesmo tempo tomada pela emo\u00e7\u00e3o de formar uma nova fam\u00edlia.<\/p>\n\n\n\n<p>No s\u00e1bado, 10 de fevereiro, sob o patroc\u00ednio de Nossa Senhora, recebi o indulto de sa\u00edda das m\u00e3os de minhas Irm\u00e3s, que me encorajaram fraternalmente a seguir em frente no cumprimento da vontade de Deus. Esse dia tamb\u00e9m se comemorava S\u00e3o Jos\u00e9 Sanchez del R\u00edo, um m\u00e1rtir cristeiro! E v\u00e9spera da canoniza\u00e7\u00e3o de Mama Antula, uma leiga consagrada argentina. Confiei a eles essa importante etapa.<\/p>\n\n\n\n<p>Sou grata por tudo o que recebi durante esses anos e permanecerei espiritualmente unida \u00e0 Fam\u00edlia Religiosa do Verbo Encarnado que me formou e me preparou para essa nova miss\u00e3o.<\/p>\n\n\n\n<p>Recomendo-me a suas ora\u00e7\u00f5es. Um abra\u00e7o a todos!<\/p>\n<\/div>\n\n<p><\/p>\n","protected":false},"excerpt":{"rendered":"<p>Em suas redes oficiais, a irm\u00e3 Guadalupe (nome de leiga Ximena Rodrigo) anunciou em um comunicado que o Instituto Servidoras do Senhor e da Virgem de Matar\u00e1 n\u00e3o renovou seu pedido de exclaustra\u00e7\u00e3o por mais tr\u00eas anos, como fez ao fundar sua nova comunidade. Diante dessa situa\u00e7\u00e3o, ela teve que tomar uma decis\u00e3o: voltar para [&hellip;]<\/p>\n","protected":false},"author":1,"featured_media":2041,"comment_status":"open","ping_status":"closed","sticky":false,"template":"","format":"standard","meta":{"advanced_seo_description":"","jetpack_seo_html_title":"","jetpack_seo_noindex":false,"jetpack_post_was_ever_published":false,"_jetpack_newsletter_access":"","_jetpack_dont_email_post_to_subs":false,"_jetpack_newsletter_tier_id":0,"_jetpack_memberships_contains_paywalled_content":false,"_jetpack_memberships_contains_paid_content":false,"footnotes":"","jetpack_publicize_message":"","jetpack_publicize_feature_enabled":true,"jetpack_social_post_already_shared":false,"jetpack_social_options":{"image_generator_settings":{"template":"highway","default_image_id":0,"font":"","enabled":false},"version":2}},"categories":[61,70],"tags":[71],"class_list":["post-2070","post","type-post","status-publish","format-standard","has-post-thumbnail","hentry","category-dos-administradores","category-reflexao","tag-ex-ssvm-pt-br"],"jetpack_publicize_connections":[],"jetpack_featured_media_url":"https:\/\/i0.wp.com\/verbo-encarnado-ssvm-abusos.info\/wp-content\/uploads\/2024\/02\/Picture2-3.jpg?fit=298%2C308&ssl=1","jetpack_sharing_enabled":true,"jetpack_likes_enabled":true,"_links":{"self":[{"href":"https:\/\/verbo-encarnado-ssvm-abusos.info\/pt-br\/wp-json\/wp\/v2\/posts\/2070","targetHints":{"allow":["GET"]}}],"collection":[{"href":"https:\/\/verbo-encarnado-ssvm-abusos.info\/pt-br\/wp-json\/wp\/v2\/posts"}],"about":[{"href":"https:\/\/verbo-encarnado-ssvm-abusos.info\/pt-br\/wp-json\/wp\/v2\/types\/post"}],"author":[{"embeddable":true,"href":"https:\/\/verbo-encarnado-ssvm-abusos.info\/pt-br\/wp-json\/wp\/v2\/users\/1"}],"replies":[{"embeddable":true,"href":"https:\/\/verbo-encarnado-ssvm-abusos.info\/pt-br\/wp-json\/wp\/v2\/comments?post=2070"}],"version-history":[{"count":0,"href":"https:\/\/verbo-encarnado-ssvm-abusos.info\/pt-br\/wp-json\/wp\/v2\/posts\/2070\/revisions"}],"wp:featuredmedia":[{"embeddable":true,"href":"https:\/\/verbo-encarnado-ssvm-abusos.info\/pt-br\/wp-json\/wp\/v2\/media\/2041"}],"wp:attachment":[{"href":"https:\/\/verbo-encarnado-ssvm-abusos.info\/pt-br\/wp-json\/wp\/v2\/media?parent=2070"}],"wp:term":[{"taxonomy":"category","embeddable":true,"href":"https:\/\/verbo-encarnado-ssvm-abusos.info\/pt-br\/wp-json\/wp\/v2\/categories?post=2070"},{"taxonomy":"post_tag","embeddable":true,"href":"https:\/\/verbo-encarnado-ssvm-abusos.info\/pt-br\/wp-json\/wp\/v2\/tags?post=2070"}],"curies":[{"name":"wp","href":"https:\/\/api.w.org\/{rel}","templated":true}]}}