{"id":2130,"date":"2024-03-07T15:39:22","date_gmt":"2024-03-07T15:39:22","guid":{"rendered":"https:\/\/verbo-encarnado-ssvm-abusos.info\/o-abandono-humano-em-sua-maxima-expressao\/"},"modified":"2024-03-29T18:46:41","modified_gmt":"2024-03-29T18:46:41","slug":"o-abandono-humano-em-sua-maxima-expressao","status":"publish","type":"post","link":"https:\/\/verbo-encarnado-ssvm-abusos.info\/pt-br\/o-abandono-humano-em-sua-maxima-expressao\/","title":{"rendered":"O abandono humano em sua m\u00e1xima express\u00e3o"},"content":{"rendered":"\n<p>Recentemente, foi publicado no YouTube um v\u00eddeo de quatro ex-religiosas contando suas experi\u00eancias nas &#8220;Servidoras del Se\u00f1or y la Virgen de Matar\u00e1&#8221;, um v\u00eddeo que em uma semana alcan\u00e7ou 5.000 visualiza\u00e7\u00f5es. <\/p>\n\n<p>Cada uma, em sua simplicidade, expressou suas experi\u00eancias de abuso, manipula\u00e7\u00e3o, abandono e o que as levou a deixar o Instituto e a n\u00e3o mais permitir que a Congrega\u00e7\u00e3o manipulasse suas vidas.<\/p>\n\n<p>Entre as muitas mensagens de apoio, muitos expressaram que se identificaram com o testemunho de abandono de M\u00f4nica ap\u00f3s anos de vida religiosa. Mas qual foram essas experi\u00eancias?<\/p>\n\n<p>Para aqueles que a conheceram, se lembrar\u00e3o de que M\u00f4nica entrou com 17 anos de idade, uma jovem ativa e transparente com um forte desejo de santidade. Uma jovem d\u00f3cil com seu diretor espiritual, com suas superioras e amante de seu instituto. Talvez d\u00f3cil demais!<\/p>\n\n<p>M\u00f4nica foi como muitas voca\u00e7\u00f5es que entraram, jovens, fortes, com um grande desejo de santidade, de fazer o bem, etc., mas esse n\u00e3o \u00e9 o problema, o problema \u00e9 como o Instituto se aproveita disso, abusando de suas consci\u00eancias, manipulando-as e, depois de anos, abandonando-as.<\/p>\n\n<p>Conocida era a \u00e2nsia de Buela no in\u00edcio em fundar rapidamente em muitos pa\u00edses, de enviar seus jovens mission\u00e1rios a lugares distantes, com idiomas dif\u00edceis, sem apenas experi\u00eancia; o importante era crescer em n\u00famero, o que impediria a Igreja de fech\u00e1-los, mas Buela nunca teve a iniciativa de sair em miss\u00e3o. <\/p>\n\n<figure class=\"wp-block-image aligncenter size-full\"><img data-recalc-dims=\"1\" loading=\"lazy\" decoding=\"async\" width=\"567\" height=\"391\" src=\"https:\/\/i0.wp.com\/verbo-encarnado-ssvm-abusos.info\/wp-content\/uploads\/2024\/03\/Picture3.jpg?resize=567%2C391&#038;ssl=1\" alt=\"\" class=\"wp-image-2105\" srcset=\"https:\/\/i0.wp.com\/verbo-encarnado-ssvm-abusos.info\/wp-content\/uploads\/2024\/03\/Picture3.jpg?w=567&amp;ssl=1 567w, https:\/\/i0.wp.com\/verbo-encarnado-ssvm-abusos.info\/wp-content\/uploads\/2024\/03\/Picture3.jpg?resize=300%2C207&amp;ssl=1 300w\" sizes=\"auto, (max-width: 567px) 100vw, 567px\" \/><\/figure>\n\n<p>Desses primeiros mission\u00e1rios, alguns ainda permanecem, mas a taxa de desist\u00eancia no IVE \u00e9 alta. Alguns se tornaram diocesanos, outros ficaram doentes, outros perderam a f\u00e9 ou simplesmente tiveram que sair por causa de algum esc\u00e2ndalo ou por algum problema com mulheres.<\/p>\n\n<p>O IVE prefere ter alguns como amigos, ter seus filhos nos bacharelados de San Rafael e na Terceira Ordem, desde que isso n\u00e3o represente uma despesa para eles ou simplesmente mostrar que s\u00e3o caridosos, ou talvez, para evitar que se saiba o que realmente aconteceu, pois no caso daqueles que optaram por n\u00e3o permanecer como &#8220;amigos&#8221;, ou denunciar os abusos de autoridade, chegando a casos de crimes, a esses os superiores pro\u00edbem qualquer contato; mesmo que tenham sido bons religiosos ouque ainda continuam sendo. Fazem coment\u00e1rios prejudiciais \u00e0 sua pessoa, chamando-os de loucos e dizendo: &#8220;s\u00e3o um perigo&#8221;! O perigo \u00e9 se eles disserem a verdade!<\/p>\n\n<p>N\u00e3o s\u00e3o &#8220;loucos&#8221;, simplesmente sa\u00edram porque come\u00e7aram a PENSAR, percebendo as a\u00e7\u00f5es dos superiores, as manipula\u00e7\u00f5es e que foram enganados na sua boa F\u00c9. <\/p>\n\n<div class=\"wp-block-media-text is-stacked-on-mobile\"><figure class=\"wp-block-media-text__media\"><img data-recalc-dims=\"1\" loading=\"lazy\" decoding=\"async\" width=\"190\" height=\"729\" src=\"https:\/\/i0.wp.com\/verbo-encarnado-ssvm-abusos.info\/wp-content\/uploads\/2024\/03\/Picture2.jpg?resize=190%2C729&#038;ssl=1\" alt=\"\" class=\"wp-image-2107 size-full\" srcset=\"https:\/\/i0.wp.com\/verbo-encarnado-ssvm-abusos.info\/wp-content\/uploads\/2024\/03\/Picture2.jpg?w=190&amp;ssl=1 190w, https:\/\/i0.wp.com\/verbo-encarnado-ssvm-abusos.info\/wp-content\/uploads\/2024\/03\/Picture2.jpg?resize=78%2C300&amp;ssl=1 78w\" sizes=\"auto, (max-width: 190px) 100vw, 190px\" \/><\/figure><div class=\"wp-block-media-text__content\">\n<p>Assim aconteceu com M\u00f4nica. Foi enviada \u00e0 um lar com mais de 140 crian\u00e7as com v\u00e1rios problemas familiares e judiciais. Aos 20 anos j\u00e1 era a vig\u00e1ria da comunidade (a segunda em autoridade), mas estava praticamente sozinha no comando, pois sua superiora era a tesoureira provincial e viajava muito. M\u00f4nica atendia n\u00e3o s\u00f3 as crian\u00e7as com seus problemas, mas tamb\u00e9m \u00e0s religiosas, sem ter respostas efetivas de sua superiora.<\/p>\n\n\n\n<p>Um lar com poucas freiras, algumas delas doentes, sem treinamento profissional para lidar com crian\u00e7as em situa\u00e7\u00f5es, muitas vezes, complexas, com a ajuda de poucos volunt\u00e1rios, alimenta\u00e7\u00e3o insuficiente e pouco tempo para descanso.<\/p>\n\n\n\n<p>As SSVM brincam com a caridade, n\u00e3o formam a seus membros o suficiente e os sobrecarregam com fun\u00e7\u00f5es que excedem suas capacidades humanas; as enviam com uma \u00fanica frase: &#8220;s\u00e3o m\u00e3es de almas&#8221; e com isso pensam que n\u00e3o podem falhar.<\/p>\n\n\n\n<p>s\u00e3o indiferentes ao sofrimento humano das religiosas. Repetem constantemente a famosa frase das Constitui\u00e7\u00f5es: <em>&#8220;que <\/em>venderiam um <em> c\u00e1lice <\/em>para o bem da<em> sa\u00fade das irm\u00e3s&#8221;<\/em>, dizem, mas n\u00e3o o aplicam. <\/p>\n\n\n\n<p>O que fazem \u00e9 substituir por outras mais jovens e mais d\u00f3ceis.<\/p>\n<\/div><\/div>\n\n<p>M\u00f4nica foi durante mais 20 a\u00f1os religiosa e nunca deixou de comunicar os problemas que estavam ocorrendo, tanto nas comunidades onde vivia quanto em sua situa\u00e7\u00e3o pessoal. A \u00fanica ajuda que recebeu das superioras era mud\u00e1-la de comunidade, exigindo-lhe o mesmo esfor\u00e7o at\u00e9 que sua sa\u00fade f\u00edsica e psicol\u00f3gica entrou em colapso.<\/p>\n\n<p>Sua superiora provincial chegou a lhe dizer que poderia ajud\u00e1-la mais fora do que dentro (uma forma sutil de &#8220;jogar fora&#8221; uma pessoa que n\u00e3o \u00e9 mais \u00fatil), a mesma superiora sabia que seria uma ajuda por dois meses, no m\u00e1ximo, e depois deixaria de atend\u00ea-la. <\/p>\n\n<p>Centenas de religiosas estao representadas em M\u00f4nica que adoeceram depois de muitos anos e isso continua a acontecer.<\/p>\n\n<p>Outra quest\u00e3o \u00e9 a da Previd\u00eancia Social (que ser\u00e1 tratada mais adiante), somente aquelas que trabalham como professoras e se a lei do pa\u00eds obriga, caso contr\u00e1rio, nenhuma tem contribui\u00e7\u00f5es para a aposentadoria e, se no futuro vierem a precisar por causa de alguma doen\u00e7a, passar\u00e3o pelo que as jovens est\u00e3o passando hoje, ter\u00e3o de deixar a vida religiosa, pois a Congrega\u00e7\u00e3o n\u00e3o tem os meios econ\u00f4micos &#8211; ou n\u00e3o quer us\u00e1-los &#8211; para a sa\u00fade das irm\u00e3s.<\/p>\n\n<p>M\u00f4nica saiu sem ter conclu\u00eddo seus estudos secund\u00e1rios, pois foi recebida no noviciado sem t\u00ea-los conclu\u00eddo, ao contr\u00e1rio do que exige o Direito Can\u00f4nico. <\/p>\n\n<p>E essa \u00e9 a situa\u00e7\u00e3o de muitas que, que ademais n\u00e3o contam tampouco com os pais vivos para ajud\u00e1-las, mas isso \u00e9 algo que n\u00e3o preocupa \u00e0s SSVM.<\/p>\n\n<p>Os editores deste blog consultaram outras Congrega\u00e7\u00f5es, como os Franciscanos, os Redentoristas, os Oblatos etc., e perguntaram como lidam com os que saem. Todos responderam que os religiosos t\u00eam suas respetivas contribui\u00e7\u00f5es feitas e quando saem do Instituto, tentam ajud\u00e1-los a se inserir no mundo, seja com emprego, moradia etc. Embora n\u00e3o sejam obrigados pela lei can\u00f4nica, s\u00e3o recomendados por caridade \u00e0queles que deram parte de suas vidas \u00e0 Congrega\u00e7\u00e3o.<\/p>\n\n<p>No entanto, o IVE e as SSVM, com seus ex-membros, na melhor das hip\u00f3teses, enviam-lhes um envelope com alguma quantia, dois trapos como roupas e se souberem de alguma queixa, s\u00e3o tachados de ingratos.<\/p>\n\n<p>Talvez por essa e muitas outras raz\u00f5es, continuam sendo um Instituto de direito diocesano e nunca receber\u00e3o a aprova\u00e7\u00e3o pontif\u00edcia, pois a inten\u00e7\u00e3o dos superiores \u00e9 alimentar esse sistema fundamentalista criado por Buela. M\u00f4nica teve a coragem de se manifestar e denunciar os danos morais e psicol\u00f3gicos causados por eles, que, no caso dela, foram terr\u00edveis. <\/p>\n\n<p>N\u00e3o sabemos como a consci\u00eancia desses superiores lhes permitem continuar, causando mais danos a outras pessoas. Eles sabem que os membros saem num estdo de vulnerabilidade e indefesos, que n\u00e3o ser\u00e3o capazes de processar rapidamente o que aconteceu, levantar-se e contar a hist\u00f3ria.<\/p>\n\n<p><strong>Quando a Santa S\u00e9 far\u00e1 algo para impedi-los?<\/strong> <\/p>\n\n<p><strong>Que haja justi\u00e7a!<\/strong><\/p>\n\n<figure class=\"wp-block-embed is-type-video is-provider-youtube wp-block-embed-youtube wp-embed-aspect-16-9 wp-has-aspect-ratio\"><div class=\"wp-block-embed__wrapper\">\n<iframe loading=\"lazy\" title=\"Abusos IVE SSVM - Testimonio de M\u00f3nica Cobos\" width=\"500\" height=\"281\" src=\"https:\/\/www.youtube.com\/embed\/vxkWSwazc4Q?feature=oembed\" frameborder=\"0\" allow=\"accelerometer; autoplay; clipboard-write; encrypted-media; gyroscope; picture-in-picture; web-share\" referrerpolicy=\"strict-origin-when-cross-origin\" allowfullscreen><\/iframe>\n<\/div><\/figure>\n\n<p><\/p>\n","protected":false},"excerpt":{"rendered":"<p>Recentemente, foi publicado no YouTube um v\u00eddeo de quatro ex-religiosas contando suas experi\u00eancias nas &#8220;Servidoras del Se\u00f1or y la Virgen de Matar\u00e1&#8221;, um v\u00eddeo que em uma semana alcan\u00e7ou 5.000 visualiza\u00e7\u00f5es. Cada uma, em sua simplicidade, expressou suas experi\u00eancias de abuso, manipula\u00e7\u00e3o, abandono e o que as levou a deixar o Instituto e a n\u00e3o [&hellip;]<\/p>\n","protected":false},"author":1,"featured_media":2100,"comment_status":"open","ping_status":"closed","sticky":false,"template":"","format":"standard","meta":{"advanced_seo_description":"","jetpack_seo_html_title":"","jetpack_seo_noindex":false,"jetpack_post_was_ever_published":false,"_jetpack_newsletter_access":"","_jetpack_dont_email_post_to_subs":false,"_jetpack_newsletter_tier_id":0,"_jetpack_memberships_contains_paywalled_content":false,"_jetpack_memberships_contains_paid_content":false,"footnotes":"","jetpack_publicize_message":"","jetpack_publicize_feature_enabled":true,"jetpack_social_post_already_shared":false,"jetpack_social_options":{"image_generator_settings":{"template":"highway","default_image_id":0,"font":"","enabled":false},"version":2}},"categories":[63,70],"tags":[75],"class_list":["post-2130","post","type-post","status-publish","format-standard","has-post-thumbnail","hentry","category-depoimentos","category-reflexao","tag-abandono-pt-br"],"jetpack_publicize_connections":[],"jetpack_featured_media_url":"https:\/\/i0.wp.com\/verbo-encarnado-ssvm-abusos.info\/wp-content\/uploads\/2024\/03\/Picture1.jpg?fit=352%2C482&ssl=1","jetpack_sharing_enabled":true,"jetpack_likes_enabled":true,"_links":{"self":[{"href":"https:\/\/verbo-encarnado-ssvm-abusos.info\/pt-br\/wp-json\/wp\/v2\/posts\/2130","targetHints":{"allow":["GET"]}}],"collection":[{"href":"https:\/\/verbo-encarnado-ssvm-abusos.info\/pt-br\/wp-json\/wp\/v2\/posts"}],"about":[{"href":"https:\/\/verbo-encarnado-ssvm-abusos.info\/pt-br\/wp-json\/wp\/v2\/types\/post"}],"author":[{"embeddable":true,"href":"https:\/\/verbo-encarnado-ssvm-abusos.info\/pt-br\/wp-json\/wp\/v2\/users\/1"}],"replies":[{"embeddable":true,"href":"https:\/\/verbo-encarnado-ssvm-abusos.info\/pt-br\/wp-json\/wp\/v2\/comments?post=2130"}],"version-history":[{"count":0,"href":"https:\/\/verbo-encarnado-ssvm-abusos.info\/pt-br\/wp-json\/wp\/v2\/posts\/2130\/revisions"}],"wp:featuredmedia":[{"embeddable":true,"href":"https:\/\/verbo-encarnado-ssvm-abusos.info\/pt-br\/wp-json\/wp\/v2\/media\/2100"}],"wp:attachment":[{"href":"https:\/\/verbo-encarnado-ssvm-abusos.info\/pt-br\/wp-json\/wp\/v2\/media?parent=2130"}],"wp:term":[{"taxonomy":"category","embeddable":true,"href":"https:\/\/verbo-encarnado-ssvm-abusos.info\/pt-br\/wp-json\/wp\/v2\/categories?post=2130"},{"taxonomy":"post_tag","embeddable":true,"href":"https:\/\/verbo-encarnado-ssvm-abusos.info\/pt-br\/wp-json\/wp\/v2\/tags?post=2130"}],"curies":[{"name":"wp","href":"https:\/\/api.w.org\/{rel}","templated":true}]}}