{"id":3943,"date":"2025-02-06T11:15:33","date_gmt":"2025-02-06T11:15:33","guid":{"rendered":"https:\/\/verbo-encarnado-ssvm-abusos.info\/ex-freira-da-ssvm-afetada-eles-me-seguraram-contra-a-minha-vontade-e-me-destruiram-psicologicamente\/"},"modified":"2025-02-08T10:22:32","modified_gmt":"2025-02-08T10:22:32","slug":"ex-freira-da-ssvm-afetada-eles-me-seguraram-contra-a-minha-vontade-e-me-destruiram-psicologicamente","status":"publish","type":"post","link":"https:\/\/verbo-encarnado-ssvm-abusos.info\/pt-br\/ex-freira-da-ssvm-afetada-eles-me-seguraram-contra-a-minha-vontade-e-me-destruiram-psicologicamente\/","title":{"rendered":"Ex-freira da SSVM afetada: &#8220;Eles me seguraram contra a minha vontade e me destru\u00edram psicologicamente&#8221;"},"content":{"rendered":"\n<p><em>Uma mulher que passou 20 anos no IVE conta ao IDEAL sua hist\u00f3ria e como eles &#8220;manipulam&#8221; os devotos para obter doa\u00e7\u00f5es<\/em><\/p>\n\n<p>Aurora, nome fict\u00edcio, tinha apenas 16 anos quando um padre do Instituto do Verbo Encarnado a incentivou a fugir da casa de seus pais no Brasil para iniciar o noviciado. Sua fam\u00edlia n\u00e3o queria que ele tomasse uma decis\u00e3o t\u00e3o dr\u00e1stica naquela tenra idade, mas uma noite ele fugiu para a Argentina com o padre. <\/p>\n\n<!--more-->\n\n<blockquote class=\"wp-block-quote is-layout-flow wp-block-quote-is-layout-flow\">\n<p>&#8220;Se Deus te chama, n\u00e3o h\u00e1 problema em desobedecer&#8221;, ele me disse. Eu acreditava que era especial, que tinha voca\u00e7\u00e3o e que o Senhor me amava. Ela foi completamente sequestrada&#8221;<\/p>\n<\/blockquote>\n\n<p>, ele diz \u00e0 IDEAL.<\/p>\n\n<p>Ela logo se viu sozinha, vulner\u00e1vel e sem recursos econ\u00f4micos em um pa\u00eds onde n\u00e3o falava a mesma l\u00edngua. Eu tinha d\u00favidas e cada d\u00favida era seguida por uma justificativa. &#8220;Satan\u00e1s testa os melhores guerreiros de Deus para que caiam&#8221; e uma s\u00e9rie de desculpas que fizeram com que essa ex-freira enterrasse parte de sua vida e sa\u00fade mental na ordem religiosa. O noviciado foi muito curto, menos de um ano. Algo incomum no cora\u00e7\u00e3o da Igreja.<br\/>Ele logo come\u00e7ou sua aventura mission\u00e1ria em v\u00e1rios destinos, incluindo a Espanha. &#8220;Eu era cat\u00f3lica e uma garota da par\u00f3quia, mas n\u00e3o para usar um h\u00e1bito. Se voc\u00ea disse o contr\u00e1rio, eles disseram que voc\u00ea n\u00e3o tinha experi\u00eancia suficiente para saber se Deus est\u00e1 chamando voc\u00ea, eles veem a voca\u00e7\u00e3o em voc\u00ea. Ano ap\u00f3s ano, a mesma hist\u00f3ria&#8221;, acrescenta.     <\/p>\n\n<p>Ela pediu para sair tr\u00eas vezes oficialmente, mas acabou &#8220;coagida&#8221;. At\u00e9 que ele ficou gravemente doente. Ela caiu em um epis\u00f3dio de depress\u00e3o e solicitou atendimento psicol\u00f3gico, escolhendo seu pr\u00f3prio m\u00e9dico. O pedido foi rejeitado, a irm\u00e3 superiora a encaminhou a um psiquiatra, ligado a outra ordem religiosa com pol\u00eamica por comportamento sect\u00e1rio. &#8220;Eu n\u00e3o era profissional. Filtrei nossas conversas em ordem e eles me medicaram demais. Eles me disseram para oferecer meu sofrimento a Deus e eu pedi uma mudan\u00e7a de m\u00e9dico, eles negaram. Eles disseram que eu estava muito mal e n\u00e3o era capaz de tomar nenhuma decis\u00e3o por mim mesma&#8221;, diz ela em meio \u00e0s l\u00e1grimas do outro lado da linha.    <\/p>\n\n<p>&#8220;Eles me mandaram para uma cl\u00ednica particular ligada a essa ordem religiosa e eu estava em tratamento h\u00e1 tr\u00eas anos. As irm\u00e3s tentaram iniciar minha incapacita\u00e7\u00e3o sem me dizer, pelas minhas costas. Eles ligaram para meu irm\u00e3o para dizer que eu era uma pessoa violenta e que havia tentado cometer suic\u00eddio. N\u00e3o era verdade. Eles n\u00e3o me deixaram falar com minha fam\u00edlia&#8221;, diz ele. Felizmente, seu irm\u00e3o recusou. <\/p>\n\n<p>Nesse meio tempo, ela foi transferida para um mosteiro de clausura para limitar seu contato com o mundo exterior, apesar do fato de ser uma freira mission\u00e1ria.  <\/p>\n\n<blockquote class=\"wp-block-quote is-layout-flow wp-block-quote-is-layout-flow\">\n<p>&#8220;Eles assistiram minhas liga\u00e7\u00f5es, mas depois de muita insist\u00eancia consegui falar com meu irm\u00e3o e ele me disse o que eles disseram&#8221;<\/p>\n<\/blockquote>\n\n<p>Designa.  <\/p>\n\n<p>Em 2020, ela descobriu que muitos dos relat\u00f3rios psicol\u00f3gicos que o IVE garantiu n\u00e3o existiam e que ela n\u00e3o tinha doen\u00e7as incapacitantes. Ela conseguiu ser expulsa da congrega\u00e7\u00e3o e, recentemente, denunciou os acontecimentos na comunidade aut\u00f4noma onde reside. <\/p>\n\n<p>A mulher, ciente do que vivenciou, diz que elas est\u00e3o preparadas e treinadas para &#8220;tirar dinheiro dos devotos&#8221; e atrair pessoas, mo\u00e7as para o ramo feminino, as servas do Senhor e da Virgem de Matar\u00e1. &#8220;Eles nos for\u00e7aram a pedir doa\u00e7\u00f5es excessivas, a implorar e a mentir que n\u00e3o t\u00ednhamos recursos. Eles os manipulam quando a realidade \u00e9 que todo o nosso sal\u00e1rio \u00e9 administrado pela ordem e para sobreviver temos que conseguir as coisas explorando os paroquianos &#8220;, diz ele. <\/p>\n\n<p>Ela se recupera psicologicamente do que experimentou e, &#8220;decepcionada&#8221;, se dissociou completamente da Igreja.  <\/p>\n\n<blockquote class=\"wp-block-quote is-layout-flow wp-block-quote-is-layout-flow\">\n<p>&#8220;Perdi muitos anos da minha vida. Quando saio de l\u00e1 me encontro sem nada porque n\u00e3o tenho estudos e tenho contribu\u00eddo pouco. Eu dei minha vida a uma causa que era uma fraude&#8221;<\/p>\n<\/blockquote>\n\n<p>Conclui.<\/p>\n","protected":false},"excerpt":{"rendered":"<p>Uma mulher que passou 20 anos no IVE conta ao IDEAL sua hist\u00f3ria e como eles &#8220;manipulam&#8221; os devotos para obter doa\u00e7\u00f5es Aurora, nome fict\u00edcio, tinha apenas 16 anos quando um padre do Instituto do Verbo Encarnado a incentivou a fugir da casa de seus pais no Brasil para iniciar o noviciado. Sua fam\u00edlia n\u00e3o [&hellip;]<\/p>\n","protected":false},"author":1,"featured_media":3850,"comment_status":"open","ping_status":"closed","sticky":false,"template":"","format":"standard","meta":{"advanced_seo_description":"","jetpack_seo_html_title":"","jetpack_seo_noindex":false,"jetpack_post_was_ever_published":false,"_jetpack_newsletter_access":"","_jetpack_dont_email_post_to_subs":false,"_jetpack_newsletter_tier_id":0,"_jetpack_memberships_contains_paywalled_content":false,"_jetpack_memberships_contains_paid_content":false,"footnotes":"","jetpack_publicize_message":"","jetpack_publicize_feature_enabled":true,"jetpack_social_post_already_shared":true,"jetpack_social_options":{"image_generator_settings":{"template":"highway","default_image_id":0,"font":"","enabled":false},"version":2}},"categories":[63],"tags":[68,76,71],"class_list":["post-3943","post","type-post","status-publish","format-standard","has-post-thumbnail","hentry","category-depoimentos","tag-caracteristicas-das-seitas","tag-ex-membros","tag-ex-ssvm-pt-br"],"jetpack_publicize_connections":[],"jetpack_featured_media_url":"https:\/\/i0.wp.com\/verbo-encarnado-ssvm-abusos.info\/wp-content\/uploads\/2025\/02\/image.jpg?fit=1024%2C768&ssl=1","jetpack_sharing_enabled":true,"jetpack_likes_enabled":true,"_links":{"self":[{"href":"https:\/\/verbo-encarnado-ssvm-abusos.info\/pt-br\/wp-json\/wp\/v2\/posts\/3943","targetHints":{"allow":["GET"]}}],"collection":[{"href":"https:\/\/verbo-encarnado-ssvm-abusos.info\/pt-br\/wp-json\/wp\/v2\/posts"}],"about":[{"href":"https:\/\/verbo-encarnado-ssvm-abusos.info\/pt-br\/wp-json\/wp\/v2\/types\/post"}],"author":[{"embeddable":true,"href":"https:\/\/verbo-encarnado-ssvm-abusos.info\/pt-br\/wp-json\/wp\/v2\/users\/1"}],"replies":[{"embeddable":true,"href":"https:\/\/verbo-encarnado-ssvm-abusos.info\/pt-br\/wp-json\/wp\/v2\/comments?post=3943"}],"version-history":[{"count":0,"href":"https:\/\/verbo-encarnado-ssvm-abusos.info\/pt-br\/wp-json\/wp\/v2\/posts\/3943\/revisions"}],"wp:featuredmedia":[{"embeddable":true,"href":"https:\/\/verbo-encarnado-ssvm-abusos.info\/pt-br\/wp-json\/wp\/v2\/media\/3850"}],"wp:attachment":[{"href":"https:\/\/verbo-encarnado-ssvm-abusos.info\/pt-br\/wp-json\/wp\/v2\/media?parent=3943"}],"wp:term":[{"taxonomy":"category","embeddable":true,"href":"https:\/\/verbo-encarnado-ssvm-abusos.info\/pt-br\/wp-json\/wp\/v2\/categories?post=3943"},{"taxonomy":"post_tag","embeddable":true,"href":"https:\/\/verbo-encarnado-ssvm-abusos.info\/pt-br\/wp-json\/wp\/v2\/tags?post=3943"}],"curies":[{"name":"wp","href":"https:\/\/api.w.org\/{rel}","templated":true}]}}